{"id":3979,"date":"2023-01-30T21:14:50","date_gmt":"2023-01-30T21:14:50","guid":{"rendered":"https:\/\/ladepeche.mr\/?p=3979"},"modified":"2023-01-30T21:15:22","modified_gmt":"2023-01-30T21:15:22","slug":"arrestation-dun-blogueur-kavana-proteste","status":"publish","type":"post","link":"https:\/\/ladepeche.mr\/?p=3979","title":{"rendered":"Arrestation d\u2019un blogueur: \u00abKavana\u00a0\u00bb proteste!"},"content":{"rendered":"<p>Le mouvement \u00abKavana\u00a0\u00bb (\u00c7a suffit) a organis\u00e9 lundi un sit-in pour protester contre l\u2019arrestation d\u2019un blogueur, Khaled AHMED Salem, actuellement entre les mains de la gendarmerie de Nouakchott.<br \/>\nL\u2019arrestation du jeune blogueur ferait suite \u00e0 une plainte d\u2019une personnalit\u00e9 non encore identifi\u00e9e.<br \/>\nSelon le pr\u00e9sident de ce mouvement, \u00abKavana\u00a0\u00bb restera mobilis\u00e9 jusqu\u2019\u00e0 la lib\u00e9ration du blogueur qui aurait re\u00e7u un avocat vingt-quatre heures apr\u00e8s son incarc\u00e9ration.<br \/>\n\u00abKavana\u00a0\u00bb promet de multiplier ses actions en faveur de la relaxe du blogueur de mani\u00e8re pacifique et en tapant les portes des organisations des droits de l\u2019Homme dans le pays.<\/p>\n","protected":false},"excerpt":{"rendered":"<p>Le mouvement \u00abKavana\u00a0\u00bb (\u00c7a suffit) a organis\u00e9 lundi un sit-in pour protester contre l\u2019arrestation d\u2019un blogueur, Khaled AHMED Salem, actuellement entre les mains de la gendarmerie de Nouakchott. L\u2019arrestation du jeune blogueur ferait suite \u00e0 une plainte d\u2019une personnalit\u00e9 non encore identifi\u00e9e. Selon le pr\u00e9sident de ce mouvement, \u00abKavana\u00a0\u00bb restera mobilis\u00e9 jusqu\u2019\u00e0 la lib\u00e9ration du &hellip;<\/p>\n","protected":false},"author":2,"featured_media":3980,"comment_status":"open","ping_status":"open","sticky":false,"template":"","format":"standard","meta":{"footnotes":""},"categories":[18],"tags":[],"class_list":["post-3979","post","type-post","status-publish","format-standard","has-post-thumbnail","hentry","category-actualites"],"_links":{"self":[{"href":"https:\/\/ladepeche.mr\/index.php?rest_route=\/wp\/v2\/posts\/3979","targetHints":{"allow":["GET"]}}],"collection":[{"href":"https:\/\/ladepeche.mr\/index.php?rest_route=\/wp\/v2\/posts"}],"about":[{"href":"https:\/\/ladepeche.mr\/index.php?rest_route=\/wp\/v2\/types\/post"}],"author":[{"embeddable":true,"href":"https:\/\/ladepeche.mr\/index.php?rest_route=\/wp\/v2\/users\/2"}],"replies":[{"embeddable":true,"href":"https:\/\/ladepeche.mr\/index.php?rest_route=%2Fwp%2Fv2%2Fcomments&post=3979"}],"version-history":[{"count":1,"href":"https:\/\/ladepeche.mr\/index.php?rest_route=\/wp\/v2\/posts\/3979\/revisions"}],"predecessor-version":[{"id":3981,"href":"https:\/\/ladepeche.mr\/index.php?rest_route=\/wp\/v2\/posts\/3979\/revisions\/3981"}],"wp:featuredmedia":[{"embeddable":true,"href":"https:\/\/ladepeche.mr\/index.php?rest_route=\/wp\/v2\/media\/3980"}],"wp:attachment":[{"href":"https:\/\/ladepeche.mr\/index.php?rest_route=%2Fwp%2Fv2%2Fmedia&parent=3979"}],"wp:term":[{"taxonomy":"category","embeddable":true,"href":"https:\/\/ladepeche.mr\/index.php?rest_route=%2Fwp%2Fv2%2Fcategories&post=3979"},{"taxonomy":"post_tag","embeddable":true,"href":"https:\/\/ladepeche.mr\/index.php?rest_route=%2Fwp%2Fv2%2Ftags&post=3979"}],"curies":[{"name":"wp","href":"https:\/\/api.w.org\/{rel}","templated":true}]}}