{"id":3982,"date":"2023-01-31T11:52:34","date_gmt":"2023-01-31T11:52:34","guid":{"rendered":"https:\/\/ladepeche.mr\/?p=3982"},"modified":"2023-01-31T11:53:29","modified_gmt":"2023-01-31T11:53:29","slug":"cndh-communique-proces-de-lancien-president-et-jugement-dun-cas-desclavage-a-nema","status":"publish","type":"post","link":"https:\/\/ladepeche.mr\/?p=3982","title":{"rendered":"CNDH : communiqu\u00e9 &#8211; proc\u00e8s de l&#8217;ancien pr\u00e9sident et jugement d&#8217;un cas d&#8217;esclavage \u00e0 N\u00e9ma"},"content":{"rendered":"<p>La Commission Nationale des Droits de l\u2019Homme observe le proc\u00e8s de l\u2019ancien pr\u00e9sident et ses co\u00e9quipiers et d\u00e9p\u00eache une mission pour l\u2019observation du cas d\u2019esclavage qui sera jug\u00e9 aujourd\u2019hui, mardi 31 janvier, \u00e0 N\u00e9ma dans la wilaya du Hodh EChargui.<\/p>\n<p>Il est \u00e0 noter que le dit cas a fait l\u2019objet l\u2019ann\u00e9e derni\u00e8re d\u2019une investigation de la part de la commission en partenariat avec le bureau du haut commissariat des nations unies aux droits de l\u2019homme qui a aboutit \u00e0 la reconnaissance de pratique d\u2019esclavage.<br \/>\nSource: CNDH<\/p>\n","protected":false},"excerpt":{"rendered":"<p>La Commission Nationale des Droits de l\u2019Homme observe le proc\u00e8s de l\u2019ancien pr\u00e9sident et ses co\u00e9quipiers et d\u00e9p\u00eache une mission pour l\u2019observation du cas d\u2019esclavage qui sera jug\u00e9 aujourd\u2019hui, mardi 31 janvier, \u00e0 N\u00e9ma dans la wilaya du Hodh EChargui. Il est \u00e0 noter que le dit cas a fait l\u2019objet l\u2019ann\u00e9e derni\u00e8re d\u2019une investigation &hellip;<\/p>\n","protected":false},"author":2,"featured_media":3452,"comment_status":"open","ping_status":"open","sticky":false,"template":"","format":"standard","meta":{"footnotes":""},"categories":[18,19],"tags":[],"class_list":["post-3982","post","type-post","status-publish","format-standard","has-post-thumbnail","hentry","category-actualites","category-tribune"],"_links":{"self":[{"href":"https:\/\/ladepeche.mr\/index.php?rest_route=\/wp\/v2\/posts\/3982","targetHints":{"allow":["GET"]}}],"collection":[{"href":"https:\/\/ladepeche.mr\/index.php?rest_route=\/wp\/v2\/posts"}],"about":[{"href":"https:\/\/ladepeche.mr\/index.php?rest_route=\/wp\/v2\/types\/post"}],"author":[{"embeddable":true,"href":"https:\/\/ladepeche.mr\/index.php?rest_route=\/wp\/v2\/users\/2"}],"replies":[{"embeddable":true,"href":"https:\/\/ladepeche.mr\/index.php?rest_route=%2Fwp%2Fv2%2Fcomments&post=3982"}],"version-history":[{"count":1,"href":"https:\/\/ladepeche.mr\/index.php?rest_route=\/wp\/v2\/posts\/3982\/revisions"}],"predecessor-version":[{"id":3983,"href":"https:\/\/ladepeche.mr\/index.php?rest_route=\/wp\/v2\/posts\/3982\/revisions\/3983"}],"wp:featuredmedia":[{"embeddable":true,"href":"https:\/\/ladepeche.mr\/index.php?rest_route=\/wp\/v2\/media\/3452"}],"wp:attachment":[{"href":"https:\/\/ladepeche.mr\/index.php?rest_route=%2Fwp%2Fv2%2Fmedia&parent=3982"}],"wp:term":[{"taxonomy":"category","embeddable":true,"href":"https:\/\/ladepeche.mr\/index.php?rest_route=%2Fwp%2Fv2%2Fcategories&post=3982"},{"taxonomy":"post_tag","embeddable":true,"href":"https:\/\/ladepeche.mr\/index.php?rest_route=%2Fwp%2Fv2%2Ftags&post=3982"}],"curies":[{"name":"wp","href":"https:\/\/api.w.org\/{rel}","templated":true}]}}