{"id":3984,"date":"2023-01-31T12:33:16","date_gmt":"2023-01-31T12:33:16","guid":{"rendered":"https:\/\/ladepeche.mr\/?p=3984"},"modified":"2023-01-31T12:46:17","modified_gmt":"2023-01-31T12:46:17","slug":"cloture-la-premiere-session-ordinaire-2022-2023-de-lassemblee-nationale","status":"publish","type":"post","link":"https:\/\/ladepeche.mr\/?p=3984","title":{"rendered":"Assembl\u00e9e nationale: Cl\u00f4ture de la premi\u00e8re session ordinaire 2022-2023"},"content":{"rendered":"<p>La premi\u00e8re session parlementaire ordinaire de l\u2019ann\u00e9e parlementaire 2022-2023 a \u00e9t\u00e9 cl\u00f4tur\u00e9e lundi soir sous la pr\u00e9sidence de M. Cheikh Ould Baya, pr\u00e9sident de l\u2019Assembl\u00e9e nationale, et en pr\u00e9sence de plusieurs membres du gouvernement.<\/p>\n<p>La c\u00e9r\u00e9monie de cl\u00f4ture a \u00e9t\u00e9 marqu\u00e9e par un discours du pr\u00e9sident de l\u2019Assembl\u00e9e nationale, dans lequel il a affirm\u00e9 que la session \u00e9coul\u00e9e avait vu la promulgation d\u2019une l\u00e9gislation portant sur les secteurs productifs de l\u2019\u00e9conomie, tels que l\u2019agriculture et les mines priv\u00e9es, qui fournissent directement et indirectement des dizaines de milliers d\u2019opportunit\u00e9s d\u2019emploi pour nos jeunes et contribuer \u00e0 dynamiser le cycle \u00e9conomique du pays.<\/p>\n<p>Il a ajout\u00e9 que l\u2019Assembl\u00e9e a approuv\u00e9, lors de sa derni\u00e8re session, des projets de lois statutaires qui incluent d\u2019importantes am\u00e9liorations au code \u00e9lectoral, et traduisent fid\u00e8lement les r\u00e9sultats de la consultation \u00e9largie entre les diff\u00e9rents acteurs politiques, ce qui contribuera sans aucun doute \u00e0 la consolidation de la pratique d\u00e9mocratique en Mauritanie.<\/p>\n<p>De m\u00eame, a-t-il fait observer, elle a approuv\u00e9 des textes relatifs \u00e0 certains des services de base dont le citoyen a besoin, comme l\u2019eau et l\u2019\u00e9lectricit\u00e9, et ce que le d\u00e9veloppement exige, comme en termes de ressources humaines et d\u2019infrastructures de soutien \u00e0 la croissance.<\/p>\n<p>Le pr\u00e9sident de l\u2019Assembl\u00e9e nationale a indiqu\u00e9 qu\u2019au cours de cette session, un accent particulier a \u00e9t\u00e9 mis sur la redynamisation de la diplomatie parlementaire apr\u00e8s le d\u00e9clin qu\u2019elle a connu en raison de la pand\u00e9mie de Covid.<\/p>\n<p>Ainsi, a-t-il dit, \u00ab nous avons re\u00e7u et d\u00e9p\u00each\u00e9 de nombreuses d\u00e9l\u00e9gations parlementaires en provenance et \u00e0 destination de pays fr\u00e8res et amis, et nous avons particip\u00e9 activement \u00e0 de nombreux forums et conf\u00e9rences parlementaires qui, nous l\u2019esp\u00e9rons, constitueront un appui solide \u00e0 la diplomatie de notre pays.<\/p>\n<p>Enfin, il a annonc\u00e9, avec la b\u00e9n\u00e9diction d\u2019Allah, la cl\u00f4ture de la premi\u00e8re session ordinaire de l\u2019ann\u00e9e parlementaire 2022-2023 conform\u00e9ment \u00e0 l\u2019article 52 (nouveau) de la Constitution et aux articles 54 et 55 du R\u00e8glement de l\u2019Assembl\u00e9e nationale.<br \/>\nAmi<\/p>\n","protected":false},"excerpt":{"rendered":"<p>La premi\u00e8re session parlementaire ordinaire de l\u2019ann\u00e9e parlementaire 2022-2023 a \u00e9t\u00e9 cl\u00f4tur\u00e9e lundi soir sous la pr\u00e9sidence de M. Cheikh Ould Baya, pr\u00e9sident de l\u2019Assembl\u00e9e nationale, et en pr\u00e9sence de plusieurs membres du gouvernement. La c\u00e9r\u00e9monie de cl\u00f4ture a \u00e9t\u00e9 marqu\u00e9e par un discours du pr\u00e9sident de l\u2019Assembl\u00e9e nationale, dans lequel il a affirm\u00e9 que &hellip;<\/p>\n","protected":false},"author":2,"featured_media":3985,"comment_status":"open","ping_status":"open","sticky":false,"template":"","format":"standard","meta":{"footnotes":""},"categories":[18],"tags":[],"class_list":["post-3984","post","type-post","status-publish","format-standard","has-post-thumbnail","hentry","category-actualites"],"_links":{"self":[{"href":"https:\/\/ladepeche.mr\/index.php?rest_route=\/wp\/v2\/posts\/3984","targetHints":{"allow":["GET"]}}],"collection":[{"href":"https:\/\/ladepeche.mr\/index.php?rest_route=\/wp\/v2\/posts"}],"about":[{"href":"https:\/\/ladepeche.mr\/index.php?rest_route=\/wp\/v2\/types\/post"}],"author":[{"embeddable":true,"href":"https:\/\/ladepeche.mr\/index.php?rest_route=\/wp\/v2\/users\/2"}],"replies":[{"embeddable":true,"href":"https:\/\/ladepeche.mr\/index.php?rest_route=%2Fwp%2Fv2%2Fcomments&post=3984"}],"version-history":[{"count":3,"href":"https:\/\/ladepeche.mr\/index.php?rest_route=\/wp\/v2\/posts\/3984\/revisions"}],"predecessor-version":[{"id":3988,"href":"https:\/\/ladepeche.mr\/index.php?rest_route=\/wp\/v2\/posts\/3984\/revisions\/3988"}],"wp:featuredmedia":[{"embeddable":true,"href":"https:\/\/ladepeche.mr\/index.php?rest_route=\/wp\/v2\/media\/3985"}],"wp:attachment":[{"href":"https:\/\/ladepeche.mr\/index.php?rest_route=%2Fwp%2Fv2%2Fmedia&parent=3984"}],"wp:term":[{"taxonomy":"category","embeddable":true,"href":"https:\/\/ladepeche.mr\/index.php?rest_route=%2Fwp%2Fv2%2Fcategories&post=3984"},{"taxonomy":"post_tag","embeddable":true,"href":"https:\/\/ladepeche.mr\/index.php?rest_route=%2Fwp%2Fv2%2Ftags&post=3984"}],"curies":[{"name":"wp","href":"https:\/\/api.w.org\/{rel}","templated":true}]}}