{"id":3989,"date":"2023-01-31T13:39:56","date_gmt":"2023-01-31T13:39:56","guid":{"rendered":"https:\/\/ladepeche.mr\/?p=3989"},"modified":"2023-01-31T20:52:16","modified_gmt":"2023-01-31T20:52:16","slug":"visite-de-serguei-lavrov-en-mauritanie-lombre-de-wagner","status":"publish","type":"post","link":"https:\/\/ladepeche.mr\/?p=3989","title":{"rendered":"Visite de Sergue\u00ef Lavrov en Mauritanie- L\u2019ombre de Wagner?"},"content":{"rendered":"<p>Alors que notre pays attend la premi\u00e8re visite d\u2019un haut responsable de la Russie, en la personne de son ministre des Affaires \u00e9trang\u00e8res, Sergue\u00ef Lavrov, une autre d\u00e9l\u00e9gation am\u00e9ricaine conduite par la sous-secr\u00e9taire d\u2019Etat am\u00e9ricaine adjointe aux Affaires africaines, charg\u00e9e de l\u2019Economie et des Affaires r\u00e9gionales, Joy Basso, est d\u00e9j\u00e0 \u00e0 pied d\u2019\u0153uvre \u00e0 Nouakchott.<\/p>\n<p>La situation chaotique au Mali o\u00f9 la pr\u00e9sence de la milice russe Wagner a \u00e9t\u00e9 pr\u00e9f\u00e9r\u00e9e \u00e0 la pr\u00e9sence des armadas de pays membres de l\u2019Otan pour conjurer la menace terroriste, repousse, chaque jour, un peu plus, l\u2019instabilit\u00e9 vers nos fronti\u00e8res orientales.<br \/>\nNotre pays qui paie d\u00e9j\u00e0 un lourd tribut de son approvisionnement aupr\u00e8s des principaux bellig\u00e9rants de la crise entre Moscou et Kiev, se retrouve, par la force de la concurrence strat\u00e9gique entre les russes et les occidentaux, pris entre deux feux. Une situation bien embarrassante pour les autorit\u00e9s qui, en d\u00e9pit de la coop\u00e9ration pouss\u00e9e avec l\u2019Otan, dont elles sont l&#8217;unique partenaire en Afrique de l&#8217;Ouest, ont \u00e9galement scell\u00e9, en juin 2021, un accord de coop\u00e9ration militaire avec la Russie. Tant que les clivages \u00e9taient loin, notre pays pouvait jouer \u00e0 l&#8217;\u00e9quilibrisme diplomatique, mais aujourd&#8217;hui, le choix lui semble, peut-\u00eatre, corn\u00e9lien.<\/p>\n<p>La Mauritanie dont les exportations gazi\u00e8res (avec le S\u00e9n\u00e9gal) en 2023 devraient couvrir une bonne partie des besoins occidentaux, avec le d\u00e9marrage attendu du champ gazier de Birallah, plus important en terme de production, semble donc condamn\u00e9e \u00e0 jouer dans la cour des grands \u00e0 un moment o\u00f9 la bipolarisation entre russes et occidentaux prend ind\u00e9finiment la forme d\u2019une troisi\u00e8me guerre mondiale ; \u00e0 moins que les n\u00e9gociations et le bon sens ne l\u2019emportent sur les cris de guerre ici et l\u00e0.<br \/>\nMalgr\u00e9 le soutien qu\u2019elle a apport\u00e9 aux autorit\u00e9s maliennes lors de la crise avec les pays de l\u2019Afrique de l\u2019Ouest qui l\u2019avaient banni, la Mauritanie a quant \u00e0 elle souffert dans sa chair par les meurtres r\u00e9p\u00e9t\u00e9s de ses ressortissants; des tueries attribu\u00e9es aux milices Wagner qui accompagnent les forces maliennes lors d\u2019op\u00e9rations de terrain. Jusqu\u2019ici d\u2019ailleurs, la Mauritanie a privil\u00e9gi\u00e9 la coop\u00e9ration avec le gouvernement transitoire de Goita en esp\u00e9rant qu\u2019il \u00e9claire sur les attaques contre nos compatriotes.<br \/>\nCombien de temps le gouvernement mauritanien va-t-il pouvoir encore maintenir cet \u00e9quilibre fragile avec toutes les parties en pr\u00e9sence? La venue de l\u2019envoy\u00e9 sp\u00e9cial de Vladimir Poutine qui aura, sans doute, des entretiens avec son homologue mauritanien, Mohamed Salem Merzough, est suivie avec beaucoup d\u2019int\u00e9r\u00eat par l\u2019Otan et notamment les Etats-Unis d\u2019Am\u00e9rique d\u00e9j\u00e0 en croisade contre tout rapprochement officiel et m\u00eame priv\u00e9 avec les mercenaires Wagner. C\u2019est certainement le sens de la rencontre de la sous-secr\u00e9taire d\u2019Etat am\u00e9ricaine adjointe aux Affaires africaines, charg\u00e9e de l\u2019Economie et des Affaires r\u00e9gionales, Joy Basso avec  l\u2019American-Mauritania Business Council, \u00e0 Nouakchott. Outre, les r\u00e9sultats du Sommet afro-am\u00e9ricain de Washington, il pourrait aussi s\u2019agir de ventiler le message officiel que Washington verrait d\u2019un mauvais \u0153il les gouvernements africains et les hommes d\u2019affaires du Continent qui apporteraient leur soutien \u00e0 des activit\u00e9s russes \u00abmalveillantes\u00bb \u00e0 l\u2019\u00e9gard de l\u2019Otan, en g\u00e9n\u00e9ral, et de l\u2019Oncle Sam, en particulier.<br \/>\nLes marges de man\u0153uvres seront particuli\u00e8rement r\u00e9duites pour contrevenir \u00e0 des menaces non voil\u00e9es\u2026<br \/>\nJD<\/p>\n","protected":false},"excerpt":{"rendered":"<p>Alors que notre pays attend la premi\u00e8re visite d\u2019un haut responsable de la Russie, en la personne de son ministre des Affaires \u00e9trang\u00e8res, Sergue\u00ef Lavrov, une autre d\u00e9l\u00e9gation am\u00e9ricaine conduite par la sous-secr\u00e9taire d\u2019Etat am\u00e9ricaine adjointe aux Affaires africaines, charg\u00e9e de l\u2019Economie et des Affaires r\u00e9gionales, Joy Basso, est d\u00e9j\u00e0 \u00e0 pied d\u2019\u0153uvre \u00e0 Nouakchott. &hellip;<\/p>\n","protected":false},"author":2,"featured_media":3992,"comment_status":"open","ping_status":"open","sticky":false,"template":"","format":"standard","meta":{"footnotes":""},"categories":[18,29],"tags":[],"class_list":["post-3989","post","type-post","status-publish","format-standard","has-post-thumbnail","hentry","category-actualites","category-monde"],"_links":{"self":[{"href":"https:\/\/ladepeche.mr\/index.php?rest_route=\/wp\/v2\/posts\/3989","targetHints":{"allow":["GET"]}}],"collection":[{"href":"https:\/\/ladepeche.mr\/index.php?rest_route=\/wp\/v2\/posts"}],"about":[{"href":"https:\/\/ladepeche.mr\/index.php?rest_route=\/wp\/v2\/types\/post"}],"author":[{"embeddable":true,"href":"https:\/\/ladepeche.mr\/index.php?rest_route=\/wp\/v2\/users\/2"}],"replies":[{"embeddable":true,"href":"https:\/\/ladepeche.mr\/index.php?rest_route=%2Fwp%2Fv2%2Fcomments&post=3989"}],"version-history":[{"count":4,"href":"https:\/\/ladepeche.mr\/index.php?rest_route=\/wp\/v2\/posts\/3989\/revisions"}],"predecessor-version":[{"id":3995,"href":"https:\/\/ladepeche.mr\/index.php?rest_route=\/wp\/v2\/posts\/3989\/revisions\/3995"}],"wp:featuredmedia":[{"embeddable":true,"href":"https:\/\/ladepeche.mr\/index.php?rest_route=\/wp\/v2\/media\/3992"}],"wp:attachment":[{"href":"https:\/\/ladepeche.mr\/index.php?rest_route=%2Fwp%2Fv2%2Fmedia&parent=3989"}],"wp:term":[{"taxonomy":"category","embeddable":true,"href":"https:\/\/ladepeche.mr\/index.php?rest_route=%2Fwp%2Fv2%2Fcategories&post=3989"},{"taxonomy":"post_tag","embeddable":true,"href":"https:\/\/ladepeche.mr\/index.php?rest_route=%2Fwp%2Fv2%2Ftags&post=3989"}],"curies":[{"name":"wp","href":"https:\/\/api.w.org\/{rel}","templated":true}]}}