{"id":3996,"date":"2023-02-01T11:11:46","date_gmt":"2023-02-01T11:11:46","guid":{"rendered":"https:\/\/ladepeche.mr\/?p=3996"},"modified":"2023-02-01T11:11:46","modified_gmt":"2023-02-01T11:11:46","slug":"rencontres-arles-sagne-le-comite-de-jumelage-cooperation-met-a-lhonneur-la-culture-mauritanienne","status":"publish","type":"post","link":"https:\/\/ladepeche.mr\/?p=3996","title":{"rendered":"Rencontres Arles-Sagn\u00e9 : Le Comit\u00e9 de jumelage-coop\u00e9ration met \u00e0 l\u2019honneur la culture mauritanienne"},"content":{"rendered":"<p>Depuis 1989, Arles est jumel\u00e9e avec le village de Sagn\u00e9, situ\u00e9 dans le sud de la Mauritanie. Pour f\u00eater la richesse de ce partenariat qui dure depuis plus de 30 ans, le comit\u00e9 de jumelage-coop\u00e9ration mettra \u00e0 l\u2019honneur la culture mauritanienne, du 2 au 12 f\u00e9vrier \u00e0 la chapelle Sainte-Anne. Au programme : expositions, contes, concert, d\u00e9fil\u00e9 de mode, etc. \u00c0 cette occasion, le Maire de Sagn\u00e9, des artistes mauritaniens, des Sagnankais seront accueillis \u00e0 Arles.<br \/>\nLe renouvellement de la signature de la charte de jumelage-coop\u00e9ration par le Maire d\u2019Arles, Patrick de Carolis et le Maire de Sagn\u00e9-Lobaly, B\u00e2 Mamoudou He\u00efba, aura lieu le samedi 4 f\u00e9vrier \u00e0 10h, en salle d\u2019honneur de l\u2019H\u00f4tel de Ville, il sera suivi \u00e0 11h, du vernissage des expositions \u00e0 la chapelle Sainte-Anne.<br \/>\nLa Mauritanie et Sagn\u00e9 s\u2019exposent \u00e0 la chapelle Sainte-Anne :<br \/>\n\u2013 Oumar Ball, B\u00e9chir Malum et Sidi Yahya, plasticiens mauritaniens<br \/>\n\u2013 Michel Lacanaud \u201cMauritanie 93\u201d, reportage sur une mission de conservation des ouvrages de la biblioth\u00e8que de Ouadane<br \/>\n\u2013 Pascal Bois \u201cE\u00efba\u201d, photos r\u00e9alis\u00e9es par les enfants de Sagn\u00e9 \u00e0 l\u2019aide de st\u00e9nop\u00e9s fabriqu\u00e9s par les \u00e9l\u00e8ves du coll\u00e8ge Amp\u00e8re<br \/>\n\u2013 Y\u00e9ro Djigo \u201cFr\u00e8res d\u2019Harmattan\u201d, portraits des derniers tirailleurs s\u00e9n\u00e9galais<br \/>\n\u2013 La mode \u00e0 Sagn\u00e9, r\u00e9alisations d\u2019\u00e9l\u00e8ves du lyc\u00e9e Montmajour<br \/>\n\u2013 La vie \u00e0 Sagn\u00e9, vid\u00e9os r\u00e9alis\u00e9es par les villageois.<br \/>\nLe programme des animations :<br \/>\nVendredi 3 f\u00e9vrier : \u00e0 19h, Nuit de la po\u00e9sie<br \/>\nSamedi 4 f\u00e9vrier : \u00e0 9h30, accueil des Sagnankais, avec l\u2019Etoile de l\u2019Avenir, \u00e0 10h, renouvellement de la signature de la charte de jumelage-coop\u00e9ration, \u00e0 11h inauguration des expositions, \u00e0 16h d\u00e9fil\u00e9 de mode, \u00e0 17h concert de kora n\u2019goni par Sedoula.<br \/>\nMardi 7 et mercredi 8 f\u00e9vrier : \u00e0 15h \u201cLe piroguier du d\u00e9sert\u201d Mamadou Sall, conteur mauritanien, Sounou Thiossane. \u00c0 partir de 7 ans.<br \/>\nVendredi 10 f\u00e9vrier : \u00e0 15h \u201cLe piroguier du d\u00e9sert\u201d Mamadou Sall, conteur mauritanien, C\u2019est le chameau qui me l\u2019a dit. \u00c0 partir de 5 ans.<\/p>\n<p>https:\/\/www.unidivers.fr\/event\/chapelle-sainte-anne-arles-2023-02-02t0930000100\/<\/p>\n","protected":false},"excerpt":{"rendered":"<p>Depuis 1989, Arles est jumel\u00e9e avec le village de Sagn\u00e9, situ\u00e9 dans le sud de la Mauritanie. Pour f\u00eater la richesse de ce partenariat qui dure depuis plus de 30 ans, le comit\u00e9 de jumelage-coop\u00e9ration mettra \u00e0 l\u2019honneur la culture mauritanienne, du 2 au 12 f\u00e9vrier \u00e0 la chapelle Sainte-Anne. Au programme : expositions, contes, &hellip;<\/p>\n","protected":false},"author":2,"featured_media":3997,"comment_status":"open","ping_status":"open","sticky":false,"template":"","format":"standard","meta":{"footnotes":""},"categories":[15],"tags":[],"class_list":["post-3996","post","type-post","status-publish","format-standard","has-post-thumbnail","hentry","category-culture"],"_links":{"self":[{"href":"https:\/\/ladepeche.mr\/index.php?rest_route=\/wp\/v2\/posts\/3996","targetHints":{"allow":["GET"]}}],"collection":[{"href":"https:\/\/ladepeche.mr\/index.php?rest_route=\/wp\/v2\/posts"}],"about":[{"href":"https:\/\/ladepeche.mr\/index.php?rest_route=\/wp\/v2\/types\/post"}],"author":[{"embeddable":true,"href":"https:\/\/ladepeche.mr\/index.php?rest_route=\/wp\/v2\/users\/2"}],"replies":[{"embeddable":true,"href":"https:\/\/ladepeche.mr\/index.php?rest_route=%2Fwp%2Fv2%2Fcomments&post=3996"}],"version-history":[{"count":1,"href":"https:\/\/ladepeche.mr\/index.php?rest_route=\/wp\/v2\/posts\/3996\/revisions"}],"predecessor-version":[{"id":3998,"href":"https:\/\/ladepeche.mr\/index.php?rest_route=\/wp\/v2\/posts\/3996\/revisions\/3998"}],"wp:featuredmedia":[{"embeddable":true,"href":"https:\/\/ladepeche.mr\/index.php?rest_route=\/wp\/v2\/media\/3997"}],"wp:attachment":[{"href":"https:\/\/ladepeche.mr\/index.php?rest_route=%2Fwp%2Fv2%2Fmedia&parent=3996"}],"wp:term":[{"taxonomy":"category","embeddable":true,"href":"https:\/\/ladepeche.mr\/index.php?rest_route=%2Fwp%2Fv2%2Fcategories&post=3996"},{"taxonomy":"post_tag","embeddable":true,"href":"https:\/\/ladepeche.mr\/index.php?rest_route=%2Fwp%2Fv2%2Ftags&post=3996"}],"curies":[{"name":"wp","href":"https:\/\/api.w.org\/{rel}","templated":true}]}}