{"id":4012,"date":"2023-02-02T10:05:01","date_gmt":"2023-02-02T10:05:01","guid":{"rendered":"https:\/\/ladepeche.mr\/?p=4012"},"modified":"2023-02-02T10:05:01","modified_gmt":"2023-02-02T10:05:01","slug":"le-ministre-des-affaires-economiques-sentretient-avec-la-directrice-du-bit-pour-les-pays-du-maghreb","status":"publish","type":"post","link":"https:\/\/ladepeche.mr\/?p=4012","title":{"rendered":"Le ministre des Affaires \u00e9conomiques s&#8217;entretient avec la directrice du \u00a0BIT pour les pays du \u00a0Maghreb"},"content":{"rendered":"<p>Le ministre des Affaires \u00e9conomiques et de la Promotion des Secteurs productifs, M.Ousmane Mamoudou Kane, \u00a0a re\u00e7u, mercredi, dans son bureau \u00e0 Nouakchott, \u00a0la directrice du bureau international du travail pour les pays du Maghreb, Mme. Rania Bikhazi, accompagn\u00e9 du repr\u00e9sentant r\u00e9sidant de l\u2019organisation en Mauritanie, M. Fr\u00e9d\u00e9rico.<br \/>\nLes deux parties ont discut\u00e9 des diff\u00e9rents domaines de coop\u00e9ration entre notre Pays et cette organisation internationale,\u00a0 et les possibilit\u00e9s de les renforcer et les d\u00e9velopper notamment dans des dossiers importants comme \u00a0\u00a0l\u2019assistance technique pour l\u2019\u00e9laboration d\u2019une strat\u00e9gie nationale sur l\u2019\u00e9conomie solidaire et sociale (ESS) ainsi que l\u2019appui \u00e0 la formalisation de l\u2019\u00e9conomie informelle.<br \/>\nDe son c\u00f4t\u00e9, le ministre a pass\u00e9 en revue \u00a0les grands efforts \u00a0du\u00a0 gouvernement visant le d\u00e9veloppement et l\u2019am\u00e9lioration de la couverture sociale des citoyens notamment ceux \u0153uvrant dans le secteur informel.<br \/>\nLa rencontre s\u2019est d\u00e9roul\u00e9e en pr\u00e9sence du secr\u00e9taire g\u00e9n\u00e9ral du minist\u00e8re, M. Yacoub Ould Ahmed A\u00efcha et le directeur g\u00e9n\u00e9ral adjoint du partenariat entre le secteur public-priv\u00e9.<br \/>\nMAEPSP <\/p>\n","protected":false},"excerpt":{"rendered":"<p>Le ministre des Affaires \u00e9conomiques et de la Promotion des Secteurs productifs, M.Ousmane Mamoudou Kane, \u00a0a re\u00e7u, mercredi, dans son bureau \u00e0 Nouakchott, \u00a0la directrice du bureau international du travail pour les pays du Maghreb, Mme. Rania Bikhazi, accompagn\u00e9 du repr\u00e9sentant r\u00e9sidant de l\u2019organisation en Mauritanie, M. Fr\u00e9d\u00e9rico. Les deux parties ont discut\u00e9 des diff\u00e9rents &hellip;<\/p>\n","protected":false},"author":2,"featured_media":4014,"comment_status":"open","ping_status":"open","sticky":false,"template":"","format":"standard","meta":{"footnotes":""},"categories":[18,2],"tags":[],"class_list":["post-4012","post","type-post","status-publish","format-standard","has-post-thumbnail","hentry","category-actualites","category-economie"],"_links":{"self":[{"href":"https:\/\/ladepeche.mr\/index.php?rest_route=\/wp\/v2\/posts\/4012","targetHints":{"allow":["GET"]}}],"collection":[{"href":"https:\/\/ladepeche.mr\/index.php?rest_route=\/wp\/v2\/posts"}],"about":[{"href":"https:\/\/ladepeche.mr\/index.php?rest_route=\/wp\/v2\/types\/post"}],"author":[{"embeddable":true,"href":"https:\/\/ladepeche.mr\/index.php?rest_route=\/wp\/v2\/users\/2"}],"replies":[{"embeddable":true,"href":"https:\/\/ladepeche.mr\/index.php?rest_route=%2Fwp%2Fv2%2Fcomments&post=4012"}],"version-history":[{"count":1,"href":"https:\/\/ladepeche.mr\/index.php?rest_route=\/wp\/v2\/posts\/4012\/revisions"}],"predecessor-version":[{"id":4013,"href":"https:\/\/ladepeche.mr\/index.php?rest_route=\/wp\/v2\/posts\/4012\/revisions\/4013"}],"wp:featuredmedia":[{"embeddable":true,"href":"https:\/\/ladepeche.mr\/index.php?rest_route=\/wp\/v2\/media\/4014"}],"wp:attachment":[{"href":"https:\/\/ladepeche.mr\/index.php?rest_route=%2Fwp%2Fv2%2Fmedia&parent=4012"}],"wp:term":[{"taxonomy":"category","embeddable":true,"href":"https:\/\/ladepeche.mr\/index.php?rest_route=%2Fwp%2Fv2%2Fcategories&post=4012"},{"taxonomy":"post_tag","embeddable":true,"href":"https:\/\/ladepeche.mr\/index.php?rest_route=%2Fwp%2Fv2%2Ftags&post=4012"}],"curies":[{"name":"wp","href":"https:\/\/api.w.org\/{rel}","templated":true}]}}