{"id":4015,"date":"2023-02-02T13:00:25","date_gmt":"2023-02-02T13:00:25","guid":{"rendered":"https:\/\/ladepeche.mr\/?p=4015"},"modified":"2023-02-02T19:46:18","modified_gmt":"2023-02-02T19:46:18","slug":"migrants-en-mauritanie-le-nombre-a-double-en-dix-ans","status":"publish","type":"post","link":"https:\/\/ladepeche.mr\/?p=4015","title":{"rendered":"Migrants en Mauritanie: Le nombre a doubl\u00e9 en dix ans"},"content":{"rendered":"<p>Le nombre de migrants vers la Mauritanie ou en transit vers l\u2019Europe, a doubl\u00e9 en une d\u00e9cennie passant de 100.000 migrants en 2010 \u00e0 pr\u00e8s de 200.000 r\u00e9pertori\u00e9s aujourd\u2019hui lors des op\u00e9rations de recensements des \u00e9trangers toujours en cours dans le pays.<br \/>\nDans le dernier bilan \u00e9tabli devant l\u2019Assembl\u00e9e nationale, lors de sa derni\u00e8re session, le premier Ministre, Mohamed Ould Bilal, a indiqu\u00e9 que \u00ab l\u2019op\u00e9ration de recensement des migrants qui se poursuit encore a abouti \u00e0 l\u2019enr\u00f4lement de 142.975 r\u00e9sidents \u00e9trangers \u00e0 la fin de l\u2019ann\u00e9e \u00e9coul\u00e9e\u00bb. Les migrants sont en majorit\u00e9 des personnes issues de l\u2019Afrique de l\u2019ouest notamment du S\u00e9n\u00e9gal et du Mali qui seraient les plus nombreux.<br \/>\nCes op\u00e9rations de recensement gratuites, accord\u00e9es par le gouvernement mauritanien, pour les trois premiers moi, pour r\u00e9gulariser les conditions de s\u00e9jour des migrants irr\u00e9guliers, avaient \u00e9t\u00e9 entam\u00e9es le 25 juillet 2022, par le minist\u00e8re de l\u2019int\u00e9rieur et de la d\u00e9centralisation.<br \/>\nEn transit pour l\u2019Europe ou attir\u00e9s par les promesses gazi\u00e8res dans le pays, les migrants en Mauritanie sont assez pr\u00e9sents dans le secteur informel et concurrencent une main d\u2019\u0153uvre locale souvent sans qualification. D\u2019o\u00f9 un autre ph\u00e9nom\u00e8ne d\u2019\u00e9migration des mauritaniens vers le reste du monde y compris l\u2019Afrique de l\u2019Ouest, l\u2019Europe ou encore les Usa du fait d\u2019une employabilit\u00e9 marginale de la jeunesse dans le pays.<\/p>\n","protected":false},"excerpt":{"rendered":"<p>Le nombre de migrants vers la Mauritanie ou en transit vers l\u2019Europe, a doubl\u00e9 en une d\u00e9cennie passant de 100.000 migrants en 2010 \u00e0 pr\u00e8s de 200.000 r\u00e9pertori\u00e9s aujourd\u2019hui lors des op\u00e9rations de recensements des \u00e9trangers toujours en cours dans le pays. Dans le dernier bilan \u00e9tabli devant l\u2019Assembl\u00e9e nationale, lors de sa derni\u00e8re session, &hellip;<\/p>\n","protected":false},"author":2,"featured_media":1411,"comment_status":"open","ping_status":"open","sticky":false,"template":"","format":"standard","meta":{"footnotes":""},"categories":[18,2,29],"tags":[],"class_list":["post-4015","post","type-post","status-publish","format-standard","has-post-thumbnail","hentry","category-actualites","category-economie","category-monde"],"_links":{"self":[{"href":"https:\/\/ladepeche.mr\/index.php?rest_route=\/wp\/v2\/posts\/4015","targetHints":{"allow":["GET"]}}],"collection":[{"href":"https:\/\/ladepeche.mr\/index.php?rest_route=\/wp\/v2\/posts"}],"about":[{"href":"https:\/\/ladepeche.mr\/index.php?rest_route=\/wp\/v2\/types\/post"}],"author":[{"embeddable":true,"href":"https:\/\/ladepeche.mr\/index.php?rest_route=\/wp\/v2\/users\/2"}],"replies":[{"embeddable":true,"href":"https:\/\/ladepeche.mr\/index.php?rest_route=%2Fwp%2Fv2%2Fcomments&post=4015"}],"version-history":[{"count":1,"href":"https:\/\/ladepeche.mr\/index.php?rest_route=\/wp\/v2\/posts\/4015\/revisions"}],"predecessor-version":[{"id":4016,"href":"https:\/\/ladepeche.mr\/index.php?rest_route=\/wp\/v2\/posts\/4015\/revisions\/4016"}],"wp:featuredmedia":[{"embeddable":true,"href":"https:\/\/ladepeche.mr\/index.php?rest_route=\/wp\/v2\/media\/1411"}],"wp:attachment":[{"href":"https:\/\/ladepeche.mr\/index.php?rest_route=%2Fwp%2Fv2%2Fmedia&parent=4015"}],"wp:term":[{"taxonomy":"category","embeddable":true,"href":"https:\/\/ladepeche.mr\/index.php?rest_route=%2Fwp%2Fv2%2Fcategories&post=4015"},{"taxonomy":"post_tag","embeddable":true,"href":"https:\/\/ladepeche.mr\/index.php?rest_route=%2Fwp%2Fv2%2Ftags&post=4015"}],"curies":[{"name":"wp","href":"https:\/\/api.w.org\/{rel}","templated":true}]}}