{"id":4020,"date":"2023-02-02T19:49:23","date_gmt":"2023-02-02T19:49:23","guid":{"rendered":"https:\/\/ladepeche.mr\/?p=4020"},"modified":"2023-02-03T10:19:20","modified_gmt":"2023-02-03T10:19:20","slug":"le-tchad-ouvre-sa-premiere-ambassade-en-israel","status":"publish","type":"post","link":"https:\/\/ladepeche.mr\/?p=4020","title":{"rendered":"Le Tchad ouvre sa premi\u00e8re ambassade en Isra\u00ebl"},"content":{"rendered":"<p> Quatre ans apr\u00e8s la normalisation des relations entre les deux nations, le pr\u00e9sident Mahamat Idriss Deby Itno et son homologue Isra\u00e9lien, Benjamin Netanyahu, inaugurent jeudi, l\u2019ambassade tchadienne \u00e0 Ramat Gan, dans la banlieue est de Tel Aviv.<\/p>\n<p>Isra\u00ebl avait reconnu le Tchad lorsque le pays avait d\u00e9clar\u00e9 son ind\u00e9pendance de la France en 1960, et ouvert une ambassade \u00e0 Ndjamena en 1962.<\/p>\n<p>Les liens entre les deux anciens alli\u00e9s avaient \u00e9t\u00e9 rompus en 1972 sous la pression des nations africaines musulmanes.<\/p>\n<p>Mais ces derni\u00e8res ann\u00e9es, Isra\u00ebl a mis en avant des domaines de coop\u00e9ration allant de la s\u00e9curit\u00e9 \u00e0 la technologie et \u00e0 l&#8217;agriculture pour am\u00e9liorer ses liens sur le continent.<\/p>\n<p>Lors d&#8217;une visite au Tchad en 2019, Netanyahu et Deby ont annonc\u00e9 une reprise des relations diplomatiques.<\/p>\n<p>Apr\u00e8s son arriv\u00e9e mardi, Deby a rencontr\u00e9 le chef de l&#8217;agence d&#8217;espionnage isra\u00e9lienne Mossad, David Barnea.<\/p>\n<p>Le Mossad &#8220;a jou\u00e9 un r\u00f4le central dans la formulation de l&#8217;accord et le renforcement des relations entre les deux pays&#8221;, indique un communiqu\u00e9 du bureau du Premier ministre isra\u00e9lien.<\/p>\n<p>Le Tchad, l&#8217;un des pays les plus pauvres du monde, n&#8217;est pas membre de la Ligue arabe mais appartient \u00e0 l&#8217;Organisation de la coop\u00e9ration islamique (OCI).<\/p>\n<p>M. Netanyahou a fait de l&#8217;\u00e9largissement des liens entre Isra\u00ebl et le monde arabe et musulman un objectif de sa politique \u00e9trang\u00e8re.<\/p>\n<p>AFP via cridem<\/p>\n","protected":false},"excerpt":{"rendered":"<p>Quatre ans apr\u00e8s la normalisation des relations entre les deux nations, le pr\u00e9sident Mahamat Idriss Deby Itno et son homologue Isra\u00e9lien, Benjamin Netanyahu, inaugurent jeudi, l\u2019ambassade tchadienne \u00e0 Ramat Gan, dans la banlieue est de Tel Aviv. Isra\u00ebl avait reconnu le Tchad lorsque le pays avait d\u00e9clar\u00e9 son ind\u00e9pendance de la France en 1960, et &hellip;<\/p>\n","protected":false},"author":2,"featured_media":4021,"comment_status":"open","ping_status":"open","sticky":false,"template":"","format":"standard","meta":{"footnotes":""},"categories":[29,28],"tags":[],"class_list":["post-4020","post","type-post","status-publish","format-standard","has-post-thumbnail","hentry","category-monde","category-sahel"],"_links":{"self":[{"href":"https:\/\/ladepeche.mr\/index.php?rest_route=\/wp\/v2\/posts\/4020","targetHints":{"allow":["GET"]}}],"collection":[{"href":"https:\/\/ladepeche.mr\/index.php?rest_route=\/wp\/v2\/posts"}],"about":[{"href":"https:\/\/ladepeche.mr\/index.php?rest_route=\/wp\/v2\/types\/post"}],"author":[{"embeddable":true,"href":"https:\/\/ladepeche.mr\/index.php?rest_route=\/wp\/v2\/users\/2"}],"replies":[{"embeddable":true,"href":"https:\/\/ladepeche.mr\/index.php?rest_route=%2Fwp%2Fv2%2Fcomments&post=4020"}],"version-history":[{"count":1,"href":"https:\/\/ladepeche.mr\/index.php?rest_route=\/wp\/v2\/posts\/4020\/revisions"}],"predecessor-version":[{"id":4022,"href":"https:\/\/ladepeche.mr\/index.php?rest_route=\/wp\/v2\/posts\/4020\/revisions\/4022"}],"wp:featuredmedia":[{"embeddable":true,"href":"https:\/\/ladepeche.mr\/index.php?rest_route=\/wp\/v2\/media\/4021"}],"wp:attachment":[{"href":"https:\/\/ladepeche.mr\/index.php?rest_route=%2Fwp%2Fv2%2Fmedia&parent=4020"}],"wp:term":[{"taxonomy":"category","embeddable":true,"href":"https:\/\/ladepeche.mr\/index.php?rest_route=%2Fwp%2Fv2%2Fcategories&post=4020"},{"taxonomy":"post_tag","embeddable":true,"href":"https:\/\/ladepeche.mr\/index.php?rest_route=%2Fwp%2Fv2%2Ftags&post=4020"}],"curies":[{"name":"wp","href":"https:\/\/api.w.org\/{rel}","templated":true}]}}