{"id":4023,"date":"2023-02-02T19:50:32","date_gmt":"2023-02-02T19:50:32","guid":{"rendered":"https:\/\/ladepeche.mr\/?p=4023"},"modified":"2023-02-02T19:50:32","modified_gmt":"2023-02-02T19:50:32","slug":"le-burkina-faso-aspire-a-creer-une-federation-avec-le-mali","status":"publish","type":"post","link":"https:\/\/ladepeche.mr\/?p=4023","title":{"rendered":"Le Burkina Faso aspire \u00e0 cr\u00e9er &#8220;une f\u00e9d\u00e9ration&#8221; avec le Mali"},"content":{"rendered":"<p>Le Premier ministre burkinab\u00e8, Apollinaire Joachimson Kyelem de Tambela, en visite au Mali voisin cette semaine, a sugg\u00e9r\u00e9 la cr\u00e9ation d&#8217;une &#8220;f\u00e9d\u00e9ration&#8221; entre son pays et le Mali.<\/p>\n<p>Les deux Etats, confront\u00e9s \u00e0 la violence djihadiste, et dirig\u00e9s par des militaires putschistes qui ont exig\u00e9 le d\u00e9part des soldats fran\u00e7ais de leurs territoires, se sont rapproch\u00e9s ces derniers mois.<\/p>\n<p>Dans un discours, lors d&#8217;un d\u00eener, le chef du gouvernement Malien, Choguel Kokalla Ma\u00efga, a estim\u00e9 que cette visite de travail va renforcer les liens de coop\u00e9ration sur les plans s\u00e9curitaires et \u00e9conomiques entre la R\u00e9publique du Mali et le Burkina Faso :<\/p>\n<p>&#8220;Souverainet\u00e9, libert\u00e9 des choix de ses partenaires, d\u00e9fense obstin\u00e9e des int\u00e9r\u00eats du peuple malien. Je suis certain que ces principes l\u00e0 sont partag\u00e9s par tous les pays qui veulent se prendre en charge et nos fr\u00e8res et amis du Faso, j&#8217;en suis convaincu, doivent avoir des exigences similaires.&#8221;<\/p>\n<p>&#8220;Nous sommes pr\u00eats \u00e0 partager notre exp\u00e9rience, nos id\u00e9es et nous enrichir des id\u00e9es et des exp\u00e9riences des autres, surtout de nos fr\u00e8res avec lesquels on a le m\u00eame objectif.&#8221;<\/p>\n<p>Kyelem de Tambela, a, pour sa part, rappel\u00e9 une tentative pass\u00e9e de cr\u00e9er une f\u00e9d\u00e9ration en Afrique de l&#8217;Ouest francophone , un projet mort-n\u00e9, de r\u00e9unir le Mali, le S\u00e9n\u00e9gal, le Burkina Faso et le B\u00e9nin, peu avant leur ind\u00e9pendance de la France en 1960.<\/p>\n<p>AFP via cridem<\/p>\n","protected":false},"excerpt":{"rendered":"<p>Le Premier ministre burkinab\u00e8, Apollinaire Joachimson Kyelem de Tambela, en visite au Mali voisin cette semaine, a sugg\u00e9r\u00e9 la cr\u00e9ation d&#8217;une &#8220;f\u00e9d\u00e9ration&#8221; entre son pays et le Mali. Les deux Etats, confront\u00e9s \u00e0 la violence djihadiste, et dirig\u00e9s par des militaires putschistes qui ont exig\u00e9 le d\u00e9part des soldats fran\u00e7ais de leurs territoires, se sont &hellip;<\/p>\n","protected":false},"author":2,"featured_media":0,"comment_status":"open","ping_status":"open","sticky":false,"template":"","format":"standard","meta":{"footnotes":""},"categories":[28],"tags":[],"class_list":["post-4023","post","type-post","status-publish","format-standard","hentry","category-sahel"],"_links":{"self":[{"href":"https:\/\/ladepeche.mr\/index.php?rest_route=\/wp\/v2\/posts\/4023","targetHints":{"allow":["GET"]}}],"collection":[{"href":"https:\/\/ladepeche.mr\/index.php?rest_route=\/wp\/v2\/posts"}],"about":[{"href":"https:\/\/ladepeche.mr\/index.php?rest_route=\/wp\/v2\/types\/post"}],"author":[{"embeddable":true,"href":"https:\/\/ladepeche.mr\/index.php?rest_route=\/wp\/v2\/users\/2"}],"replies":[{"embeddable":true,"href":"https:\/\/ladepeche.mr\/index.php?rest_route=%2Fwp%2Fv2%2Fcomments&post=4023"}],"version-history":[{"count":1,"href":"https:\/\/ladepeche.mr\/index.php?rest_route=\/wp\/v2\/posts\/4023\/revisions"}],"predecessor-version":[{"id":4024,"href":"https:\/\/ladepeche.mr\/index.php?rest_route=\/wp\/v2\/posts\/4023\/revisions\/4024"}],"wp:attachment":[{"href":"https:\/\/ladepeche.mr\/index.php?rest_route=%2Fwp%2Fv2%2Fmedia&parent=4023"}],"wp:term":[{"taxonomy":"category","embeddable":true,"href":"https:\/\/ladepeche.mr\/index.php?rest_route=%2Fwp%2Fv2%2Fcategories&post=4023"},{"taxonomy":"post_tag","embeddable":true,"href":"https:\/\/ladepeche.mr\/index.php?rest_route=%2Fwp%2Fv2%2Ftags&post=4023"}],"curies":[{"name":"wp","href":"https:\/\/api.w.org\/{rel}","templated":true}]}}