{"id":4028,"date":"2023-02-03T10:10:09","date_gmt":"2023-02-03T10:10:09","guid":{"rendered":"https:\/\/ladepeche.mr\/?p=4028"},"modified":"2023-02-03T10:10:09","modified_gmt":"2023-02-03T10:10:09","slug":"parti-pour-la-refondation-de-laction-globale-rag-section-france-a-lattention-de-sem-le-president-de-la-republique-islamique-de-mauritanie-mohamed-cheikh-el-ghazouani","status":"publish","type":"post","link":"https:\/\/ladepeche.mr\/?p=4028","title":{"rendered":"Parti pour la Refondation de l&#8217;Action Globale (RAG) section France: A l&#8217;attention de SEM le Pr\u00e9sident de la R\u00e9publique Islamique de Mauritanie, Mohamed Cheikh El-Ghazouani"},"content":{"rendered":"<p>Son Excellence Monsieur le Pr\u00e9sident,  <\/p>\n<p>La diaspora Mauritanienne dans le monde a lu avec consternation l&#8217;arr\u00eat\u00e9 conjoint Num\u00e9ro 000140 du minist\u00e8re des affaires \u00e9trang\u00e8res et de la coop\u00e9ration et du minist\u00e8re de l&#8217;int\u00e9rieur et de la d\u00e9centralisation en date du 26 janvier 2023, portant \u00e9tablissement de la liste des pays concern\u00e9s par le vote des mauritaniens \u00e9tablis \u00e0 l&#8217;\u00e9tranger pour les futures \u00e9lections l\u00e9gislatives.<\/p>\n<p>Seuls deux ministres ne peuvent d\u00e9cider \u00e0 leur guise d&#8217;un d\u00e9coupage \u00e9lectoral, de surcroit discriminatoire, de mauritaniens vivant \u00e0 l&#8217;\u00e9tranger. Ils \u00e9voquent l&#8217;ouverture d&#8217;un seul bureau de vote en France et que sur l&#8217;ensemble du continent Africain, les mauritaniens ne pourront voter qu&#8217;en Gambie, en C\u00f4te d&#8217;Ivoire et en Guin\u00e9e Bissau. Nous sommes certains que vous ne trouvez pas cette d\u00e9marche d\u00e9mocratique. Il en est de m\u00eame pour le vaste continent Am\u00e9ricain et Asiatique o\u00f9 les votes ne seront respectivement possibles qu&#8217;aux Etats Unis d&#8217;Am\u00e9rique, en Arabie Saoudite, aux Emirats Arabes Unis et au Qatar.<\/p>\n<p>Son Excellence Monsieur le Pr\u00e9sident, <\/p>\n<p>Nous vous demandons d&#8217;user de votre pouvoir en qualit\u00e9 de Pr\u00e9sident pour exiger qu&#8217;un bureau de vote soit ouvert dans chaque pays accr\u00e9ditant un ambassadeur ou un consul de Mauritanie. <\/p>\n<p>Nous protestons vigoureusement contre ce d\u00e9coupage \u00e9lectoral et souhaitons que la d\u00e9cision y aff\u00e9rente soit annul\u00e9e.<\/p>\n<p>Paris le 30 Janvier 2023<\/p>\n<p>Parti pour la Refondation de l&#8217;Action Globale (RAG) section France<\/p>\n<p>Ampliations :<\/p>\n<p>-CENI<\/p>\n<p>-Premier Ministre<\/p>\n<p>-Minist\u00e8re des affaires \u00e9trang\u00e8res et la coop\u00e9ration<\/p>\n<p>-Minist\u00e8re de l&#8217;int\u00e9rieur<\/p>\n<p>-Aux partis politiques de l&#8217;opposition comme la majorit\u00e9 pr\u00e9sidentielle<\/p>\n<p>-Aux institutions internationales : Union Europ\u00e9enne, Nations Unies, Union Africaine, Parlement Europ\u00e9en. <\/p>\n","protected":false},"excerpt":{"rendered":"<p>Son Excellence Monsieur le Pr\u00e9sident, La diaspora Mauritanienne dans le monde a lu avec consternation l&#8217;arr\u00eat\u00e9 conjoint Num\u00e9ro 000140 du minist\u00e8re des affaires \u00e9trang\u00e8res et de la coop\u00e9ration et du minist\u00e8re de l&#8217;int\u00e9rieur et de la d\u00e9centralisation en date du 26 janvier 2023, portant \u00e9tablissement de la liste des pays concern\u00e9s par le vote des &hellip;<\/p>\n","protected":false},"author":2,"featured_media":0,"comment_status":"open","ping_status":"open","sticky":false,"template":"","format":"standard","meta":{"footnotes":""},"categories":[18,19],"tags":[],"class_list":["post-4028","post","type-post","status-publish","format-standard","hentry","category-actualites","category-tribune"],"_links":{"self":[{"href":"https:\/\/ladepeche.mr\/index.php?rest_route=\/wp\/v2\/posts\/4028","targetHints":{"allow":["GET"]}}],"collection":[{"href":"https:\/\/ladepeche.mr\/index.php?rest_route=\/wp\/v2\/posts"}],"about":[{"href":"https:\/\/ladepeche.mr\/index.php?rest_route=\/wp\/v2\/types\/post"}],"author":[{"embeddable":true,"href":"https:\/\/ladepeche.mr\/index.php?rest_route=\/wp\/v2\/users\/2"}],"replies":[{"embeddable":true,"href":"https:\/\/ladepeche.mr\/index.php?rest_route=%2Fwp%2Fv2%2Fcomments&post=4028"}],"version-history":[{"count":1,"href":"https:\/\/ladepeche.mr\/index.php?rest_route=\/wp\/v2\/posts\/4028\/revisions"}],"predecessor-version":[{"id":4029,"href":"https:\/\/ladepeche.mr\/index.php?rest_route=\/wp\/v2\/posts\/4028\/revisions\/4029"}],"wp:attachment":[{"href":"https:\/\/ladepeche.mr\/index.php?rest_route=%2Fwp%2Fv2%2Fmedia&parent=4028"}],"wp:term":[{"taxonomy":"category","embeddable":true,"href":"https:\/\/ladepeche.mr\/index.php?rest_route=%2Fwp%2Fv2%2Fcategories&post=4028"},{"taxonomy":"post_tag","embeddable":true,"href":"https:\/\/ladepeche.mr\/index.php?rest_route=%2Fwp%2Fv2%2Ftags&post=4028"}],"curies":[{"name":"wp","href":"https:\/\/api.w.org\/{rel}","templated":true}]}}