{"id":4030,"date":"2023-02-03T10:17:13","date_gmt":"2023-02-03T10:17:13","guid":{"rendered":"https:\/\/ladepeche.mr\/?p=4030"},"modified":"2023-02-03T10:23:42","modified_gmt":"2023-02-03T10:23:42","slug":"4030","status":"publish","type":"post","link":"https:\/\/ladepeche.mr\/?p=4030","title":{"rendered":"Communique final de la r\u00e9union extraordinaire \u00e0 composition non limit\u00e9e du Comit\u00e9 ex\u00e9cutif de l\u2019OCI contre le r\u00e9cent acte d\u2019autodaf\u00e9 et de profanation du Saint Coran, en Su\u00e8de, aux Pays-Bas et au Danemark"},"content":{"rendered":"<p>\u00c0 l&#8217;invitation de la R\u00e9publique de T\u00fcrkiye, le Comit\u00e9 Ex\u00e9cutif de l&#8217;Organisation de la Coop\u00e9ration Islamique (OCI) a convoqu\u00e9 une r\u00e9union extraordinaire, le 31 janvier 2023, correspondant au 9 Rajab 1444H, au si\u00e8ge du Secr\u00e9tariat G\u00e9n\u00e9ral de l&#8217;Organisation, \u00e0 Djeddah, pour discuter du r\u00e9cent acte d&#8217;autodaf\u00e9 et de profanation du Saint Coran en Su\u00e8de, aux Pays-Bas et au Danemark.<br \/>\nLe Comit\u00e9 ex\u00e9cutif de l&#8217;Organisation de la Coop\u00e9ration Islamique,<br \/>\nGuid\u00e9 par les principes et objectifs consacr\u00e9s dans les Chartes de l&#8217;OCI et des Nations unies, ainsi que dans d&#8217;autres documents internationaux, y compris la D\u00e9claration universelle des droits de l&#8217;Homme ;<br \/>\nR\u00e9affirmant l&#8217;engagement pris par l&#8217;ensemble des \u00c9tats, en vertu de la Charte des Nations unies, de promouvoir et d&#8217;encourager le respect universel des droits de l&#8217;homme et des libert\u00e9s fondamentales pour tous, sans distinction de race, de sexe, de langue ou de religion ;<br \/>\nRappelant les diverses R\u00e9solutions de l&#8217;Assembl\u00e9e g\u00e9n\u00e9rale des Nations unies, qui appellent \u00e0 des efforts mondiaux en faveur de la promotion de la tol\u00e9rance, de la paix et du dialogue entre les civilisations ;<br \/>\nNotant avec pr\u00e9occupation que l&#8217;islamophobie est en recrudescence dans plusieurs r\u00e9gions du monde, comme en t\u00e9moigne le nombre croissant d&#8217;incidents d&#8217;intol\u00e9rance religieuse, de st\u00e9r\u00e9otypes n\u00e9gatifs, de haine et de violence contre les musulmans ;<br \/>\nProfond\u00e9ment inquiet de la r\u00e9surgence des mouvements racistes et d&#8217;extr\u00eame droite de multiples r\u00e9gions du monde ;<br \/>\nRappelant les R\u00e9solutions et D\u00e9clarations pertinentes du Sommet islamique et du Conseil des Ministres des Affaires \u00e9trang\u00e8res (CMAE), en particulier le Communiqu\u00e9 Final du 14\u00e8me Sommet islamique, tenu \u00e0 Makkah Al-Mukarammah, le 31 mai 2019, ainsi que les R\u00e9solutions adopt\u00e9es par le 48\u00e8me CMAE, r\u00e9uni \u00e0 Islamabad, le 23 mars 2022, dont notamment la R\u00e9solution n\u00b032\/48-POL sur \u00ab La lutte contre l&#8217;islamophobie et l&#8217;\u00e9limination de la haine et des pr\u00e9jug\u00e9s contre l&#8217;Islam \u00bb ; la R\u00e9solution n\u00b034\/48-POL sur \u00ab La Lutte contre la diffamation des religions \u00bb ; et la R\u00e9solution n\u00b035\/48-POL sur \u00ab La condamnation de la profanation du Saint Coran \u00bb ;<br \/>\nRappelant \u00e9galement la R\u00e9solution 66\/167 de l&#8217;Assembl\u00e9e g\u00e9n\u00e9rale des Nations unies et la R\u00e9solution 16\/18 du Conseil des Droits de l&#8217;Homme des Nations unies (mars 2011) ;<br \/>\nRappelant la R\u00e9solution 76\/254 de l&#8217;Assembl\u00e9e g\u00e9n\u00e9rale des Nations Unies qui a institu\u00e9 le 15 mars de chaque ann\u00e9e comme \u00ab Journ\u00e9e internationale de lutte contre l&#8217;islamophobie \u00bb ;<br \/>\nSoulignant la n\u00e9cessit\u00e9 de faire en sorte que le droit de libert\u00e9 d&#8217;expression soit exerc\u00e9 par tous, en toute responsabilit\u00e9 et conform\u00e9ment aux lois et instruments relatifs aux droits humains internationaux ;<br \/>\nR\u00e9it\u00e9rant l&#8217;imp\u00e9ratif de promouvoir le dialogue, l&#8217;entente et la coop\u00e9ration entre les religions, les cultures et les civilisations pour la paix et l&#8217;harmonie dans le monde :<\/p>\n<p>1. CONDAMNE fermement les actes ignobles d&#8217;autodaf\u00e9 et de profanation du Saint Coran en Su\u00e8de, aux Pays Bas et au Danemark ; et APPELLE leurs gouvernements respectifs \u00e0 entreprendre des actions efficaces pour pr\u00e9venir la r\u00e9currence de semblables actes honteux.<\/p>\n<p>2. DEPLORE la multiplication \u00e0 l&#8217;\u00e9chelle mondiale des incidents d&#8217;intol\u00e9rance raciale et religieuse, et de violence, y compris l&#8217;islamophobie ; et EXHORTE tous les \u00c9tats membres des Nations unies \u00e0 mettre en \u0153uvre le paragraphe 150 de la D\u00e9claration et du Programme d&#8217;action de Durban.<\/p>\n<p>3. CONDAMNE toutes les tentatives de d\u00e9nigrer le caract\u00e8re sacr\u00e9 du Saint Coran ainsi que les autres valeurs et symboles religieux de l&#8217;Islam, y compris le Saint proph\u00e8te (Que la paix soit sur Lui), sous le couvert de la libert\u00e9 d&#8217;expression, ce qui contrevient \u00e0 l&#8217;esprit des articles 10 et 20 du Pacte international relatif aux Droits civils et politiques (PIDCP); et APPELLE la Communaut\u00e9 internationale \u00e0 s&#8217;opposer \u00e0 ces tentatives.<\/p>\n<p>4. INVITE les Ambassadeurs des \u00c9tats membres de l&#8217;OCI dans les capitales respectives o\u00f9 des actes ignobles contre le Saint Coran et autres symboles sacr\u00e9s islamiques auraient \u00e9t\u00e9 commis, \u00e0 d\u00e9ployer des efforts collectifs aupr\u00e8s des parlements nationaux, des m\u00e9dias, des organisations de la soci\u00e9t\u00e9 civile et des institutions gouvernementales, en vue de relater la prise de position de l&#8217;OCI et d&#8217;inciter les autorit\u00e9s comp\u00e9tentes \u00e0 prendre les mesures l\u00e9gislatives appropri\u00e9es pour incriminer de telles attaques, \u00e9tant persuad\u00e9 que l&#8217;exercice de la libert\u00e9 d&#8217;expression comprend des devoirs et des responsabilit\u00e9s particuliers.<\/p>\n<p>5. APPELLE toutes les Missions de l&#8217;OCI \u00e0 l&#8217;\u00e9tranger (New York, Gen\u00e8ve et Bruxelles) \u00e0 prendre l&#8217;initiative d&#8217;aborder dans les organisations internationales respectives, aupr\u00e8s desquelles elles sont accr\u00e9dit\u00e9es, ces actes de haine contre l&#8217;islam et ses symboles sacr\u00e9s, dans l&#8217;interpr\u00e9tation des conventions pertinentes ainsi que la formulation de nouveaux textes juridiques internationaux \u00e0 cette fin.<\/p>\n<p>6. ENCOURAGE les musulmans qui jouissent de la citoyennet\u00e9 des pays o\u00f9 des attaques islamophobes sont commises contre le Saint Coran et d&#8217;autres valeurs sacr\u00e9es, \u00e0 recourir aux tribunaux locaux et \u00e0 \u00e9puiser les recours internes, avec les conseils d&#8217;un avocat professionnel, avant de porter leurs affaires devant les instances judiciaires internationales, le cas \u00e9ch\u00e9ant.<\/p>\n<p>7. SE FELICITE de la premi\u00e8re r\u00e9union du Groupe de contact sur la Paix et le Dialogue, tenue \u00e0 Jakarta, en R\u00e9publique d&#8217;Indon\u00e9sie, les 29 et 30 juillet 2019, et qui a \u00e9t\u00e9 couronn\u00e9e par un Projet de \u00ab Plan d&#8217;Action pour la lutte contre l&#8217;islamophobie \u00bb, adopt\u00e9 ult\u00e9rieurement, \u00e0 New York, en marge de la 74\u00e8me Session de l&#8217;Assembl\u00e9e G\u00e9n\u00e9rale des Nations unies, par les Ministres des pays de l&#8217;OCI, membres du Groupe de contact sur la Paix et le Dialogue ; et INVITE le Secr\u00e9tariat G\u00e9n\u00e9ral \u00e0 acc\u00e9l\u00e9rer sa mise en \u0153uvre.<\/p>\n<p>8. INVITE tous les \u00c9tats membres \u00e0 faire le point sur les progr\u00e8s accomplis en mati\u00e8re de mise en \u0153uvre du plan d&#8217;action en huit points, adopt\u00e9 \u00e0 l&#8217;unanimit\u00e9, en vertu de la R\u00e9solution 16\/18 du Conseil des droits de l&#8217;homme ; CONFIRME son importance en tant qu&#8217;\u00e9tape cruciale dans les efforts d\u00e9ploy\u00e9s par les Nations unies en faveur de la lutte contre l&#8217;incitation \u00e0 la haine, la discrimination, la stigmatisation et la violence fond\u00e9es sur la religion ou la conviction ; et APPELLE \u00e0 des efforts accrus pour pr\u00e9server le consensus international sur cette importante initiative de l&#8217;OCI.<\/p>\n<p>9. REAFFIRME le r\u00f4le primordial de l&#8217;engagement politique au plus haut niveau pour la mise en \u0153uvre int\u00e9grale et effective de la R\u00e9solution 16\/18 du Conseil des droits de l&#8217;homme des Nations unies et ENCOURAGE les \u00c9tats \u00e0 accorder une attention particuli\u00e8re \u00e0 l&#8217;incrimination de l&#8217;incitation \u00e0 la violence, fond\u00e9e sur la religion ou la conviction, tout en reconnaissant le r\u00f4le probant d&#8217;un d\u00e9bat ouvert, constructif et respectueux et d&#8217;un dialogue interreligieux \u00e0 cet \u00e9gard.<\/p>\n<p>10. DEMANDE \u00e0 tous les gouvernements de mettre pleinement en \u0153uvre le cadre juridique et administratif national existant et\/ou d&#8217;adapter une nouvelle l\u00e9gislation, le cas \u00e9ch\u00e9ant, conform\u00e9ment \u00e0 leurs obligations en vertu du droit international et des normes et r\u00e8gles internationales ; de pr\u00e9munir tous les individus et toutes les communaut\u00e9s contre la haine et la violence, fond\u00e9es sur la religion et la foi ; et d&#8217;assurer la protection des lieux de culte.<\/p>\n<p>11. RAPPELLE la R\u00e9solution 34\/36 du Conseil des droits de l&#8217;Homme des Nations unies, en date du 24 mars 2017, dans laquelle le Conseil avait demand\u00e9 au Pr\u00e9sident-Rapporteur du Comit\u00e9 ad hoc sur l&#8217;\u00e9laboration de Normes compl\u00e9mentaires \u00e0 la Convention internationale sur l&#8217;\u00e9limination de toutes les formes de discrimination raciale (CERD), d&#8217;assurer le lancement des n\u00e9gociations sur le projet de protocole additionnel \u00e0 la Convention criminalisant les actes de nature raciste et x\u00e9nophobe, tels que l&#8217;islamophobie.<\/p>\n<p>12. SOULIGNE l&#8217;imp\u00e9ratif d&#8217;encourager le dialogue, la compr\u00e9hension et la coop\u00e9ration entre les religions, les cultures et les civilisations, et de rejeter la haine et l&#8217;extr\u00e9misme afin de parvenir \u00e0 la paix et \u00e0 l&#8217;harmonie dans le monde, qui sont les principes auxquels appelle le Message d&#8217;Oman.<\/p>\n<p>13. INVITE le Secr\u00e9tariat g\u00e9n\u00e9ral de l&#8217;OCI \u00e0 engager le dialogue avec les acteurs, les organisations et les institutions internationaux \u00e0 l&#8217;effet de faire prendre davantage conscience au niveau mondial de l&#8217;islamophobie, de la haine et de l&#8217;intol\u00e9rance \u00e0 l&#8217;encontre des musulmans, et de lutter efficacement contre ce ph\u00e9nom\u00e8ne en coordination avec les organisations nationales et internationales.<\/p>\n<p>14. EXHORTE les \u00c9tats membres et le Secr\u00e9taire G\u00e9n\u00e9ral de l&#8217;OCI \u00e0 prendre des mesures d&#8217;urgence pour renforcer l&#8217;Observatoire de l&#8217;islamophobie, au sein du Secr\u00e9tariat g\u00e9n\u00e9ral, en le transformant en D\u00e9partement \u00e0 part enti\u00e8re et en le dotant de ressources n\u00e9cessaires, indispensables pour son fonctionnement efficace, pour la mise en \u0153uvre de programmes concrets sur le terrain et pour la facilitation du travail en r\u00e9seau avec d&#8217;autres centres et m\u00e9canismes de l&#8217;islamophobie \u00e0 travers le monde.<\/p>\n<p>15. DEMANDE au Secr\u00e9taire g\u00e9n\u00e9ral de mettre en \u0153uvre le paragraphe 9 de la R\u00e9solution n\u00b068\/48-POL, en nommant un Envoy\u00e9 sp\u00e9cial pour l&#8217;Islamophobie, dans la limite des ressources disponibles, pour diriger les efforts collectifs d\u00e9ploy\u00e9s au nom de l&#8217;OCI.<br \/>\nOCI<\/p>\n","protected":false},"excerpt":{"rendered":"<p>\u00c0 l&#8217;invitation de la R\u00e9publique de T\u00fcrkiye, le Comit\u00e9 Ex\u00e9cutif de l&#8217;Organisation de la Coop\u00e9ration Islamique (OCI) a convoqu\u00e9 une r\u00e9union extraordinaire, le 31 janvier 2023, correspondant au 9 Rajab 1444H, au si\u00e8ge du Secr\u00e9tariat G\u00e9n\u00e9ral de l&#8217;Organisation, \u00e0 Djeddah, pour discuter du r\u00e9cent acte d&#8217;autodaf\u00e9 et de profanation du Saint Coran en Su\u00e8de, aux &hellip;<\/p>\n","protected":false},"author":2,"featured_media":4031,"comment_status":"open","ping_status":"open","sticky":false,"template":"","format":"standard","meta":{"footnotes":""},"categories":[18,15,29,19],"tags":[],"class_list":["post-4030","post","type-post","status-publish","format-standard","has-post-thumbnail","hentry","category-actualites","category-culture","category-monde","category-tribune"],"_links":{"self":[{"href":"https:\/\/ladepeche.mr\/index.php?rest_route=\/wp\/v2\/posts\/4030","targetHints":{"allow":["GET"]}}],"collection":[{"href":"https:\/\/ladepeche.mr\/index.php?rest_route=\/wp\/v2\/posts"}],"about":[{"href":"https:\/\/ladepeche.mr\/index.php?rest_route=\/wp\/v2\/types\/post"}],"author":[{"embeddable":true,"href":"https:\/\/ladepeche.mr\/index.php?rest_route=\/wp\/v2\/users\/2"}],"replies":[{"embeddable":true,"href":"https:\/\/ladepeche.mr\/index.php?rest_route=%2Fwp%2Fv2%2Fcomments&post=4030"}],"version-history":[{"count":4,"href":"https:\/\/ladepeche.mr\/index.php?rest_route=\/wp\/v2\/posts\/4030\/revisions"}],"predecessor-version":[{"id":4035,"href":"https:\/\/ladepeche.mr\/index.php?rest_route=\/wp\/v2\/posts\/4030\/revisions\/4035"}],"wp:featuredmedia":[{"embeddable":true,"href":"https:\/\/ladepeche.mr\/index.php?rest_route=\/wp\/v2\/media\/4031"}],"wp:attachment":[{"href":"https:\/\/ladepeche.mr\/index.php?rest_route=%2Fwp%2Fv2%2Fmedia&parent=4030"}],"wp:term":[{"taxonomy":"category","embeddable":true,"href":"https:\/\/ladepeche.mr\/index.php?rest_route=%2Fwp%2Fv2%2Fcategories&post=4030"},{"taxonomy":"post_tag","embeddable":true,"href":"https:\/\/ladepeche.mr\/index.php?rest_route=%2Fwp%2Fv2%2Ftags&post=4030"}],"curies":[{"name":"wp","href":"https:\/\/api.w.org\/{rel}","templated":true}]}}