{"id":4044,"date":"2023-02-04T17:07:04","date_gmt":"2023-02-04T17:07:04","guid":{"rendered":"https:\/\/ladepeche.mr\/?p=4044"},"modified":"2023-02-04T14:08:11","modified_gmt":"2023-02-04T14:08:11","slug":"mauritanie-face-a-la-flambee-des-prix-le-pam-fournit-une-assistance-alimentaire-a-plus-de-110-000-personnes","status":"publish","type":"post","link":"https:\/\/ladepeche.mr\/?p=4044","title":{"rendered":"Mauritanie : face \u00e0 la flamb\u00e9e des prix, le PAM fournit une assistance alimentaire \u00e0 plus de 110.000 personnes"},"content":{"rendered":"<p>Le Programme alimentaire mondial (PAM) des Nations Unies a d\u00e9marr\u00e9, jeudi, une campagne d\u2019assistance alimentaire sous forme de transferts mon\u00e9taires en esp\u00e8ces aupr\u00e8s de 20.500 familles, soit pr\u00e8s de 115.000 personnes, les plus expos\u00e9es \u00e0 la faim dans les 3 wilayas de Nouakchott, en Mauritanie.<\/p>\n<p>Cette intervention, d\u2019une valeur mon\u00e9taire de 500 ouguiyas (soit 14 dollars) par personne et par mois, permettra \u00e0 ces familles d\u00e9munies de faire face, pendant quatre mois, de f\u00e9vrier \u00e0 mai 2023, aux besoins alimentaires et nutritionnels de base, aggrav\u00e9s par la flamb\u00e9e actuelle des prix.<\/p>\n<p>\u00ab La flamb\u00e9e des prix des denr\u00e9es repr\u00e9sente un d\u00e9fi sans pr\u00e9c\u00e8dent avec des r\u00e9percussions importantes sur la s\u00e9curit\u00e9 alimentaire et la nutrition en zone urbaine. C\u2019est pourquoi nous adaptons nos actions pour sauver des vies et prot\u00e9ger les moyens d\u2019existence \u00bb, a soulign\u00e9 Kinday Samba, Repr\u00e9sentante et Directrice pays du PAM en Mauritanie, dans un communiqu\u00e9 de presse.<\/p>\n<p>\u00ab Il est essentiel pour le PAM que les ressources n\u00e9cessaires soient mobilis\u00e9es afin de r\u00e9pondre \u00e0 l\u2019urgence alimentaire que provoque cette crise \u00bb, a-t-elle ajout\u00e9.<\/p>\n<p><strong>Une inflation forte et prolong\u00e9e<br \/>\n<\/strong>Ce projet est rendu possible gr\u00e2ce aux contributions de l\u2019Agence am\u00e9ricaine pour le d\u00e9veloppement international (USAID), le minist\u00e8re f\u00e9d\u00e9ral allemand pour la Coop\u00e9ration \u00e9conomique et le d\u00e9veloppement (BMZ), et la Banque de d\u00e9veloppement allemande (KFW).<\/p>\n<p>Il est mis en \u0153uvre en partenariat \u00e9troit avec le Commissariat \u00e0 la s\u00e9curit\u00e9 alimentaire (CSA) comme une expansion horizontale de son programme r\u00e9actif aux chocs \u2013 El Maouna &#8211; dans la ville de Nouakchott. Le ciblage des familles repose sur le Registre social du gouvernement. <\/p>\n<p>Nouakchott, la capitale du pays, fait face \u00e0 une inflation forte et prolong\u00e9e, combin\u00e9e \u00e0 une r\u00e9duction des revenus des m\u00e9nages due \u00e0 la crise de la COVID-19 et \u00e0 la s\u00e9cheresse de 2022. Cette situation est exacerb\u00e9e par la flamb\u00e9e des prix des denr\u00e9es alimentaires (li\u00e9e \u00e0 la crise en Ukraine) n\u00e9cessitant une intervention rapide pour soutenir la population touch\u00e9e.<\/p>\n<p>La r\u00e9ponse du PAM contribue aux efforts du gouvernement pour renforcer le syst\u00e8me national de la protection sociale r\u00e9active aux chocs en faveur des populations les plus vuln\u00e9rables.<\/p>\n<p>https:\/\/news.un.org\/fr\/story\/2023\/02\/1131907<\/p>\n","protected":false},"excerpt":{"rendered":"<p>Le Programme alimentaire mondial (PAM) des Nations Unies a d\u00e9marr\u00e9, jeudi, une campagne d\u2019assistance alimentaire sous forme de transferts mon\u00e9taires en esp\u00e8ces aupr\u00e8s de 20.500 familles, soit pr\u00e8s de 115.000 personnes, les plus expos\u00e9es \u00e0 la faim dans les 3 wilayas de Nouakchott, en Mauritanie. Cette intervention, d\u2019une valeur mon\u00e9taire de 500 ouguiyas (soit 14 &hellip;<\/p>\n","protected":false},"author":2,"featured_media":4049,"comment_status":"open","ping_status":"open","sticky":false,"template":"","format":"standard","meta":{"footnotes":""},"categories":[18,2,27],"tags":[],"class_list":["post-4044","post","type-post","status-publish","format-standard","has-post-thumbnail","hentry","category-actualites","category-economie","category-sante"],"_links":{"self":[{"href":"https:\/\/ladepeche.mr\/index.php?rest_route=\/wp\/v2\/posts\/4044","targetHints":{"allow":["GET"]}}],"collection":[{"href":"https:\/\/ladepeche.mr\/index.php?rest_route=\/wp\/v2\/posts"}],"about":[{"href":"https:\/\/ladepeche.mr\/index.php?rest_route=\/wp\/v2\/types\/post"}],"author":[{"embeddable":true,"href":"https:\/\/ladepeche.mr\/index.php?rest_route=\/wp\/v2\/users\/2"}],"replies":[{"embeddable":true,"href":"https:\/\/ladepeche.mr\/index.php?rest_route=%2Fwp%2Fv2%2Fcomments&post=4044"}],"version-history":[{"count":5,"href":"https:\/\/ladepeche.mr\/index.php?rest_route=\/wp\/v2\/posts\/4044\/revisions"}],"predecessor-version":[{"id":4050,"href":"https:\/\/ladepeche.mr\/index.php?rest_route=\/wp\/v2\/posts\/4044\/revisions\/4050"}],"wp:featuredmedia":[{"embeddable":true,"href":"https:\/\/ladepeche.mr\/index.php?rest_route=\/wp\/v2\/media\/4049"}],"wp:attachment":[{"href":"https:\/\/ladepeche.mr\/index.php?rest_route=%2Fwp%2Fv2%2Fmedia&parent=4044"}],"wp:term":[{"taxonomy":"category","embeddable":true,"href":"https:\/\/ladepeche.mr\/index.php?rest_route=%2Fwp%2Fv2%2Fcategories&post=4044"},{"taxonomy":"post_tag","embeddable":true,"href":"https:\/\/ladepeche.mr\/index.php?rest_route=%2Fwp%2Fv2%2Ftags&post=4044"}],"curies":[{"name":"wp","href":"https:\/\/api.w.org\/{rel}","templated":true}]}}