{"id":4051,"date":"2023-02-04T20:03:13","date_gmt":"2023-02-04T20:03:13","guid":{"rendered":"https:\/\/ladepeche.mr\/?p=4051"},"modified":"2023-02-04T19:03:43","modified_gmt":"2023-02-04T19:03:43","slug":"la-dg-de-lapim-aissata-lam-echange-avec-des-responsables-de-kosmos-energy","status":"publish","type":"post","link":"https:\/\/ladepeche.mr\/?p=4051","title":{"rendered":"La DG de l\u2019APIM, Aissata Lam, \u00e9change avec des responsables de Kosmos Energy"},"content":{"rendered":"<p>La DG de l\u2019APIM, Aissta Lam, s\u2019est entretenue, vendredi, avec le Vice-Pr\u00e9sident des affaires publiques de Kosmos Energy, Jeffrey Krilla accompagn\u00e9 du Vice-Pr\u00e9sident &#038; Country Manager, Ismail Mohamed Sid\u2019Ahmed.<\/p>\n<p>Les \u00e9changes ont port\u00e9 sur l\u2019exploitation de gaz en cours d\u2019acheminement, l\u2019unit\u00e9 flottante de production, de stockage et de d\u00e9chargement ayant entam\u00e9 son voyage en provenance de Chine o\u00f9 elle a \u00e9t\u00e9 construite vers le site du gisement Grand Tortue Ahmeyim (GTA).<\/p>\n<p>M. Krilla et M. Sid\u2019Ahmed ont \u00e9galement fait part \u00e0 la DG des \u00e9chos positifs unanimes qu\u2019ils ont eus \u00e0 propos de la r\u00e9cente rencontre organis\u00e9e \u00e0 Washington, la f\u00e9licitant et son \u00e9quipe pour le travail effectu\u00e9 ainsi que pour l\u2019adh\u00e9sion de la Mauritanie aux programmes du Millenium Corporate Challenge (MCC).<\/p>\n<p>De son c\u00f4t\u00e9, la DG a lou\u00e9 l\u2019engagement de Kosmos Energy et son d\u00e9sir d\u2019\u00e9largir les investissements en Mauritanie. Ce \u00e0 quoi, la DG de l\u2019APIM a r\u00e9torqu\u00e9 sa disponibilit\u00e9 ainsi que celle de son \u00e9quipe \u00e0 accompagner et \u00e0 appuyer dans les d\u00e9marches de projets d\u2019avenir.<br \/>\n(avec communiqu\u00e9 Apim)<\/p>\n","protected":false},"excerpt":{"rendered":"<p>La DG de l\u2019APIM, Aissta Lam, s\u2019est entretenue, vendredi, avec le Vice-Pr\u00e9sident des affaires publiques de Kosmos Energy, Jeffrey Krilla accompagn\u00e9 du Vice-Pr\u00e9sident &#038; Country Manager, Ismail Mohamed Sid\u2019Ahmed. Les \u00e9changes ont port\u00e9 sur l\u2019exploitation de gaz en cours d\u2019acheminement, l\u2019unit\u00e9 flottante de production, de stockage et de d\u00e9chargement ayant entam\u00e9 son voyage en provenance &hellip;<\/p>\n","protected":false},"author":2,"featured_media":4052,"comment_status":"open","ping_status":"open","sticky":false,"template":"","format":"standard","meta":{"footnotes":""},"categories":[18,2],"tags":[],"class_list":["post-4051","post","type-post","status-publish","format-standard","has-post-thumbnail","hentry","category-actualites","category-economie"],"_links":{"self":[{"href":"https:\/\/ladepeche.mr\/index.php?rest_route=\/wp\/v2\/posts\/4051","targetHints":{"allow":["GET"]}}],"collection":[{"href":"https:\/\/ladepeche.mr\/index.php?rest_route=\/wp\/v2\/posts"}],"about":[{"href":"https:\/\/ladepeche.mr\/index.php?rest_route=\/wp\/v2\/types\/post"}],"author":[{"embeddable":true,"href":"https:\/\/ladepeche.mr\/index.php?rest_route=\/wp\/v2\/users\/2"}],"replies":[{"embeddable":true,"href":"https:\/\/ladepeche.mr\/index.php?rest_route=%2Fwp%2Fv2%2Fcomments&post=4051"}],"version-history":[{"count":1,"href":"https:\/\/ladepeche.mr\/index.php?rest_route=\/wp\/v2\/posts\/4051\/revisions"}],"predecessor-version":[{"id":4053,"href":"https:\/\/ladepeche.mr\/index.php?rest_route=\/wp\/v2\/posts\/4051\/revisions\/4053"}],"wp:featuredmedia":[{"embeddable":true,"href":"https:\/\/ladepeche.mr\/index.php?rest_route=\/wp\/v2\/media\/4052"}],"wp:attachment":[{"href":"https:\/\/ladepeche.mr\/index.php?rest_route=%2Fwp%2Fv2%2Fmedia&parent=4051"}],"wp:term":[{"taxonomy":"category","embeddable":true,"href":"https:\/\/ladepeche.mr\/index.php?rest_route=%2Fwp%2Fv2%2Fcategories&post=4051"},{"taxonomy":"post_tag","embeddable":true,"href":"https:\/\/ladepeche.mr\/index.php?rest_route=%2Fwp%2Fv2%2Ftags&post=4051"}],"curies":[{"name":"wp","href":"https:\/\/api.w.org\/{rel}","templated":true}]}}