{"id":4058,"date":"2023-02-06T16:09:54","date_gmt":"2023-02-06T16:09:54","guid":{"rendered":"https:\/\/ladepeche.mr\/?p=4058"},"modified":"2023-02-06T16:09:54","modified_gmt":"2023-02-06T16:09:54","slug":"plus-de-2-000-morts-en-turquie-et-en-syrie-apres-un-seisme-une-nouvelle-secousse-au-sud-est-de-la-turquie","status":"publish","type":"post","link":"https:\/\/ladepeche.mr\/?p=4058","title":{"rendered":"Plus de 2 000 morts en Turquie et en Syrie apr\u00e8s un s\u00e9isme, une nouvelle secousse au sud-est de la Turquie"},"content":{"rendered":"<p>Un s\u00e9isme de magnitude 7,8 a frapp\u00e9, lundi 6 f\u00e9vrier, le sud de la Turquie et la Syrie voisine, faisant plus de 2 000 morts dans les deux pays et de tr\u00e8s importants d\u00e9g\u00e2ts, selon des premiers bilans en constante \u00e9volution.<br \/>\nIl s\u2019agit de la \u00ab pire catastrophe depuis 1939 \u00bb pour la Turquie, a d\u00e9clar\u00e9 Recep Tayyip Erdogan. Au moins 1 498 personnes ont \u00e9t\u00e9 tu\u00e9es en Turquie et 8 533 bless\u00e9es dans le s\u00e9isme. Il a touch\u00e9 sept provinces du pays, d&#8217;apr\u00e8s les premi\u00e8res donn\u00e9es de l&#8217;agence gouvernementale de gestion des catastrophes (Afad) qui d\u00e9nombre plus de 2 800 immeubles effondr\u00e9s. <\/p>\n<p>En Syrie, au moins 810 personnes ont perdu la vie, 2 315 personnes ont \u00e9t\u00e9 bless\u00e9es. Dans les zones rebelles, le bilan est mont\u00e9 \u00e0 147 morts, selon les secouristes, qui font \u00e9galement \u00e9tat de plus de 340 bless\u00e9s, selon le minist\u00e8re syrien de la Sant\u00e9 et des secouristes en zones rebelles. \u00ab Cent quarante-sept civils sont morts et plus de 340 bless\u00e9s, selon un bilan provisoire, dans la province d&#8217;Idleb et les environs d&#8217;Alep \u00bb, dans le nord du pays, ont annonc\u00e9 les casques blancs sur Twitter, ajoutant s&#8217;attendre \u00e0 une \u00ab hausse importante \u00bb du nombre de victimes, \u00ab des centaines de familles se trouvant encore sous les d\u00e9combres \u00bb.<br \/>\nhttps:\/\/www.rfi.fr\/fr\/europe\/20230206-des-dizaines-de-morts-en-turquie-et-en-syrie-apr%C3%A8s-un-s%C3%A9isme-de-magnitude-7-8?_ope=eyJndWlkIjoiOTMwMjIwNGY3ZmZhNzMxODU0NDI3OTA1ZjdiOTc4NGUifQ%3D%3D<\/p>\n","protected":false},"excerpt":{"rendered":"<p>Un s\u00e9isme de magnitude 7,8 a frapp\u00e9, lundi 6 f\u00e9vrier, le sud de la Turquie et la Syrie voisine, faisant plus de 2 000 morts dans les deux pays et de tr\u00e8s importants d\u00e9g\u00e2ts, selon des premiers bilans en constante \u00e9volution. Il s\u2019agit de la \u00ab pire catastrophe depuis 1939 \u00bb pour la Turquie, a &hellip;<\/p>\n","protected":false},"author":2,"featured_media":4059,"comment_status":"open","ping_status":"open","sticky":false,"template":"","format":"standard","meta":{"footnotes":""},"categories":[18,29],"tags":[],"class_list":["post-4058","post","type-post","status-publish","format-standard","has-post-thumbnail","hentry","category-actualites","category-monde"],"_links":{"self":[{"href":"https:\/\/ladepeche.mr\/index.php?rest_route=\/wp\/v2\/posts\/4058","targetHints":{"allow":["GET"]}}],"collection":[{"href":"https:\/\/ladepeche.mr\/index.php?rest_route=\/wp\/v2\/posts"}],"about":[{"href":"https:\/\/ladepeche.mr\/index.php?rest_route=\/wp\/v2\/types\/post"}],"author":[{"embeddable":true,"href":"https:\/\/ladepeche.mr\/index.php?rest_route=\/wp\/v2\/users\/2"}],"replies":[{"embeddable":true,"href":"https:\/\/ladepeche.mr\/index.php?rest_route=%2Fwp%2Fv2%2Fcomments&post=4058"}],"version-history":[{"count":1,"href":"https:\/\/ladepeche.mr\/index.php?rest_route=\/wp\/v2\/posts\/4058\/revisions"}],"predecessor-version":[{"id":4060,"href":"https:\/\/ladepeche.mr\/index.php?rest_route=\/wp\/v2\/posts\/4058\/revisions\/4060"}],"wp:featuredmedia":[{"embeddable":true,"href":"https:\/\/ladepeche.mr\/index.php?rest_route=\/wp\/v2\/media\/4059"}],"wp:attachment":[{"href":"https:\/\/ladepeche.mr\/index.php?rest_route=%2Fwp%2Fv2%2Fmedia&parent=4058"}],"wp:term":[{"taxonomy":"category","embeddable":true,"href":"https:\/\/ladepeche.mr\/index.php?rest_route=%2Fwp%2Fv2%2Fcategories&post=4058"},{"taxonomy":"post_tag","embeddable":true,"href":"https:\/\/ladepeche.mr\/index.php?rest_route=%2Fwp%2Fv2%2Ftags&post=4058"}],"curies":[{"name":"wp","href":"https:\/\/api.w.org\/{rel}","templated":true}]}}