{"id":4061,"date":"2023-02-06T16:27:30","date_gmt":"2023-02-06T16:27:30","guid":{"rendered":"https:\/\/ladepeche.mr\/?p=4061"},"modified":"2023-02-06T16:27:43","modified_gmt":"2023-02-06T16:27:43","slug":"politique-rfd-declaration","status":"publish","type":"post","link":"https:\/\/ladepeche.mr\/?p=4061","title":{"rendered":"Politique: RFD-D\u00e9claration"},"content":{"rendered":"<p>Trois d\u00e9cennies durant, notre parti a lutt\u00e9, avec pers\u00e9v\u00e9rance et sinc\u00e9rit\u00e9, dans de difficiles circonstances, pour l\u2019instauration d\u2019un \u00c9tat de droit et des institutions r\u00e9publicaines. Aussi, avions-nous appel\u00e9 au renforcement de l\u2019unit\u00e9 nationale et de la coh\u00e9sion sociale, \u00e0 une lutte s\u00e9rieuse contre la corruption qui gangr\u00e8ne l\u2019appareil d&#8217;\u00c9tat, \u00e0 l\u2019\u00e9radication de l&#8217;esclavage et de ses s\u00e9quelles, \u00e0 la r\u00e9duction des larges disparit\u00e9s sociales, au r\u00e8glement des questions en suspens des droits de l&#8217;homme et des injustices, \u00e0 la mise en place d\u2019un syst\u00e8me sanitaire et social dont b\u00e9n\u00e9ficierait l\u2019ensemble du peuple, \u00e0 l&#8217;\u00e9limination du ch\u00f4mage dont souffre une grande partie des forces vives, les jeunes en particulier. Ces objectifs ne pourront \u00eatre atteints que par l\u2019\u00e9dification de syst\u00e8mes \u00e9ducatif et de sant\u00e9 efficients, sous la protection d&#8217;une justice ind\u00e9pendante, la promotion d\u2019une administration impartiale et efficace et une arm\u00e9e r\u00e9publicaine forte qui pr\u00e9serve notre int\u00e9grit\u00e9 territoriale.<br \/>\nNos militants ont tout sacrifi\u00e9, au nom de ces id\u00e9aux et objectifs et ont pers\u00e9v\u00e9r\u00e9 face aux r\u00e9gimes tyranniques qui se sont succ\u00e9d\u00e9s dans ce pays. Puisse Allah accueillir en Sa sainte mis\u00e9ricorde ceux d&#8217;entre eux qui nous ont quitt\u00e9 et \u00e9clairer la voie des autres. Aussi, les Femmes du RFD ont-elles fait preuve d\u2019audace et d\u2019abn\u00e9gation, tout au long de notre combat politique pour le changement et le progr\u00e8s. Aujourd&#8217;hui la Jeunesse du parti porte le flambeau pour la cons\u00e9cration des valeurs de d\u00e9mocratie, de justice sociale et de solidarit\u00e9 auxquelles nous aspirons.<br \/>\nBien que notre parti n&#8217;ait pas acc\u00e9d\u00e9 au pouvoir, il a, malgr\u00e9 cela, l\u2019honneur et la gloire de voir l\u2019ensemble de la classe politique, majorit\u00e9 et opposition, adh\u00e9rer aux grands objectifs qu\u2019il s\u2019est fix\u00e9s et \u00e0 son clairvoyant discours politique faisant, aujourd&#8217;hui, l\u2019objet d\u2019un consensus national.<br \/>\nNotre congr\u00e8s extraordinaire se tient aujourd&#8217;hui dans un contexte national caract\u00e9ris\u00e9 par un climat d&#8217;ouverture et d&#8217;apaisement politique, en nette rupture avec le mode de gouvernement institu\u00e9 par les r\u00e9gimes pr\u00e9c\u00e9dents \u00e0 l\u2019\u00e9gard de l&#8217;opposition. Cette atmosph\u00e8re a ouvert la voie \u00e0 la concertation entre l&#8217;opposition d\u00e9mocratique et la majorit\u00e9, ce qui a abouti \u00e0 la signature d&#8217;un accord entre le gouvernement et les partis politiques pour l\u2019organisation d\u2019\u00e9lections libres, transparentes et, esp\u00e9rons-le, satisfaisantes pour tous.<br \/>\nNotre congr\u00e8s se tient \u00e9galement \u00e0 un moment o\u00f9 notre pays vit dans une conjoncture o\u00f9 pr\u00e9valent les appels au tribalisme, au r\u00e9gionalisme et au sectarisme, constituant ainsi une v\u00e9ritable menace pour l&#8217;harmonie de la soci\u00e9t\u00e9 et la coh\u00e9sion de son tissu. A cela s\u2019ajoute une situation internationale tr\u00e8s dangereuse, caract\u00e9ris\u00e9e par le d\u00e9clenchement d&#8217;une guerre quasi- mondiale, le d\u00e9veloppement de r\u00e9seaux terroristes et de contrebande \u00e0 nos fronti\u00e8res orientales, la propagation de l&#8217;instabilit\u00e9 dans la r\u00e9gion du Sahel, dont nous sommes partie int\u00e9grante, sans oublier la tension croissante entre nos fr\u00e8res sur les fronti\u00e8res septentrionales du pays.<br \/>\nLe RFD a, de tout temps, appel\u00e9 \u00e0 la coh\u00e9sion des Mauritaniens pour faire face \u00e0 ces d\u00e9fis internes et externes, et \u00e0 la mise en place d&#8217;un large front national \u0153uvrant \u00e0 l&#8217;unit\u00e9 du peuple mauritanien, afin de surmonter tous les dangers auxquels il est confront\u00e9.<br \/>\nEstimant que le dialogue entre les protagonistes politiques demeure la meilleure approche pour toute action politique s\u00e9rieuse, afin de parvenir \u00e0 une entente nationale \u00e0 m\u00eame de conduire le pays vers davantage d&#8217;unit\u00e9, de coh\u00e9sion sociale, de d\u00e9mocratie et de d\u00e9veloppement, notre parti a pour option de valoriser tout plaidoyer allant dans ce sens, en \u00e9vitant tout ce qui pourrait entraver la r\u00e9alisation de cet objectif.<br \/>\nC&#8217;est ce qui motive le congr\u00e8s extraordinaire \u00e0 annoncer la participation du parti aux prochaines \u00e9lections, en appelant ses militants et sympathisants \u00e0 s&#8217;engager dans le processus d&#8217;inscription sur les listes \u00e9lectorales et \u00e0 d\u00e9fendre la ligne et l&#8217;approche du parti, conform\u00e9ment \u00e0 sa d\u00e9claration politique.<\/p>\n<p>Nouakchott, 13 Rajab 1444 &#8211; 04 F\u00e9vrier 2023<\/p>\n<p>Le Congr\u00e8s<\/p>\n","protected":false},"excerpt":{"rendered":"<p>Trois d\u00e9cennies durant, notre parti a lutt\u00e9, avec pers\u00e9v\u00e9rance et sinc\u00e9rit\u00e9, dans de difficiles circonstances, pour l\u2019instauration d\u2019un \u00c9tat de droit et des institutions r\u00e9publicaines. Aussi, avions-nous appel\u00e9 au renforcement de l\u2019unit\u00e9 nationale et de la coh\u00e9sion sociale, \u00e0 une lutte s\u00e9rieuse contre la corruption qui gangr\u00e8ne l\u2019appareil d&#8217;\u00c9tat, \u00e0 l\u2019\u00e9radication de l&#8217;esclavage et de &hellip;<\/p>\n","protected":false},"author":2,"featured_media":4062,"comment_status":"open","ping_status":"open","sticky":false,"template":"","format":"standard","meta":{"footnotes":""},"categories":[18,19],"tags":[],"class_list":["post-4061","post","type-post","status-publish","format-standard","has-post-thumbnail","hentry","category-actualites","category-tribune"],"_links":{"self":[{"href":"https:\/\/ladepeche.mr\/index.php?rest_route=\/wp\/v2\/posts\/4061","targetHints":{"allow":["GET"]}}],"collection":[{"href":"https:\/\/ladepeche.mr\/index.php?rest_route=\/wp\/v2\/posts"}],"about":[{"href":"https:\/\/ladepeche.mr\/index.php?rest_route=\/wp\/v2\/types\/post"}],"author":[{"embeddable":true,"href":"https:\/\/ladepeche.mr\/index.php?rest_route=\/wp\/v2\/users\/2"}],"replies":[{"embeddable":true,"href":"https:\/\/ladepeche.mr\/index.php?rest_route=%2Fwp%2Fv2%2Fcomments&post=4061"}],"version-history":[{"count":1,"href":"https:\/\/ladepeche.mr\/index.php?rest_route=\/wp\/v2\/posts\/4061\/revisions"}],"predecessor-version":[{"id":4063,"href":"https:\/\/ladepeche.mr\/index.php?rest_route=\/wp\/v2\/posts\/4061\/revisions\/4063"}],"wp:featuredmedia":[{"embeddable":true,"href":"https:\/\/ladepeche.mr\/index.php?rest_route=\/wp\/v2\/media\/4062"}],"wp:attachment":[{"href":"https:\/\/ladepeche.mr\/index.php?rest_route=%2Fwp%2Fv2%2Fmedia&parent=4061"}],"wp:term":[{"taxonomy":"category","embeddable":true,"href":"https:\/\/ladepeche.mr\/index.php?rest_route=%2Fwp%2Fv2%2Fcategories&post=4061"},{"taxonomy":"post_tag","embeddable":true,"href":"https:\/\/ladepeche.mr\/index.php?rest_route=%2Fwp%2Fv2%2Ftags&post=4061"}],"curies":[{"name":"wp","href":"https:\/\/api.w.org\/{rel}","templated":true}]}}