{"id":4064,"date":"2023-02-06T16:32:39","date_gmt":"2023-02-06T16:32:39","guid":{"rendered":"https:\/\/ladepeche.mr\/?p=4064"},"modified":"2023-02-06T16:32:39","modified_gmt":"2023-02-06T16:32:39","slug":"la-mauritanie-exprime-ses-sinceres-condoleances-et-sa-compassion-avec-la-turquie","status":"publish","type":"post","link":"https:\/\/ladepeche.mr\/?p=4064","title":{"rendered":"La Mauritanie exprime ses sinc\u00e8res condol\u00e9ances et sa compassion avec la Turquie"},"content":{"rendered":"<p>Le minist\u00e8re des Affaires \u00e9trang\u00e8res, de la Coop\u00e9ration et des Mauritaniens de l\u2019Ext\u00e9rieur a exprim\u00e9 lundi les sinc\u00e8res condol\u00e9ances et la compassion de la Mauritanie \u00e0 la direction, au gouvernement et au peuple turcs, suite au violent s\u00e9isme qui a frapp\u00e9 ce matin \u00e0 l\u2019aube les wilayas du sud du pays.<\/p>\n<p>Voici l\u2019int\u00e9gralit\u00e9 du message<\/p>\n<p>\u201cLe minist\u00e8re des Affaires \u00e9trang\u00e8res, de la Coop\u00e9ration et des Mauritaniens de l\u2019Ext\u00e9rieur exprime les sinc\u00e8res condol\u00e9ances et la compassion de la Mauritanie \u00e0 la direction, au gouvernement et au peuple syriens, suite au violent s\u00e9isme qui a frapp\u00e9 ce matin \u00e0 l\u2019aube le sud des wilayas du pays.<\/p>\n<p>Au moment o\u00f9 le gouvernement mauritanien partage la douleur des familles des victimes, des bless\u00e9s et des personnes touch\u00e9es du peuple turc fr\u00e8re, il implore Allah Le Tout Puisant d\u2019accorder sa mis\u00e9ricorde aux personnes d\u00e9c\u00e9d\u00e9es et aux bless\u00e9s un prompt r\u00e9tablissement\u201d.<br \/>\nAmi<\/p>\n","protected":false},"excerpt":{"rendered":"<p>Le minist\u00e8re des Affaires \u00e9trang\u00e8res, de la Coop\u00e9ration et des Mauritaniens de l\u2019Ext\u00e9rieur a exprim\u00e9 lundi les sinc\u00e8res condol\u00e9ances et la compassion de la Mauritanie \u00e0 la direction, au gouvernement et au peuple turcs, suite au violent s\u00e9isme qui a frapp\u00e9 ce matin \u00e0 l\u2019aube les wilayas du sud du pays. Voici l\u2019int\u00e9gralit\u00e9 du message &hellip;<\/p>\n","protected":false},"author":2,"featured_media":0,"comment_status":"open","ping_status":"open","sticky":false,"template":"","format":"standard","meta":{"footnotes":""},"categories":[18,29],"tags":[],"class_list":["post-4064","post","type-post","status-publish","format-standard","hentry","category-actualites","category-monde"],"_links":{"self":[{"href":"https:\/\/ladepeche.mr\/index.php?rest_route=\/wp\/v2\/posts\/4064","targetHints":{"allow":["GET"]}}],"collection":[{"href":"https:\/\/ladepeche.mr\/index.php?rest_route=\/wp\/v2\/posts"}],"about":[{"href":"https:\/\/ladepeche.mr\/index.php?rest_route=\/wp\/v2\/types\/post"}],"author":[{"embeddable":true,"href":"https:\/\/ladepeche.mr\/index.php?rest_route=\/wp\/v2\/users\/2"}],"replies":[{"embeddable":true,"href":"https:\/\/ladepeche.mr\/index.php?rest_route=%2Fwp%2Fv2%2Fcomments&post=4064"}],"version-history":[{"count":1,"href":"https:\/\/ladepeche.mr\/index.php?rest_route=\/wp\/v2\/posts\/4064\/revisions"}],"predecessor-version":[{"id":4065,"href":"https:\/\/ladepeche.mr\/index.php?rest_route=\/wp\/v2\/posts\/4064\/revisions\/4065"}],"wp:attachment":[{"href":"https:\/\/ladepeche.mr\/index.php?rest_route=%2Fwp%2Fv2%2Fmedia&parent=4064"}],"wp:term":[{"taxonomy":"category","embeddable":true,"href":"https:\/\/ladepeche.mr\/index.php?rest_route=%2Fwp%2Fv2%2Fcategories&post=4064"},{"taxonomy":"post_tag","embeddable":true,"href":"https:\/\/ladepeche.mr\/index.php?rest_route=%2Fwp%2Fv2%2Ftags&post=4064"}],"curies":[{"name":"wp","href":"https:\/\/api.w.org\/{rel}","templated":true}]}}