{"id":4071,"date":"2023-02-07T10:18:21","date_gmt":"2023-02-07T10:18:21","guid":{"rendered":"https:\/\/ladepeche.mr\/?p=4071"},"modified":"2023-02-07T10:18:21","modified_gmt":"2023-02-07T10:18:21","slug":"mauritanie-linstance-nationale-de-lutte-contre-la-traite-des-personnes-et-le-trafic-de-migrants-demarre-ses-activites","status":"publish","type":"post","link":"https:\/\/ladepeche.mr\/?p=4071","title":{"rendered":"Mauritanie : l\u2019Instance Nationale de Lutte contre la Traite des Personnes et le Trafic de Migrants d\u00e9marre ses activit\u00e9s"},"content":{"rendered":"<p>Le Commissaire aux Droits de l\u2019Homme, \u00e0 l\u2019Action Humanitaire et aux Relations avec la Soci\u00e9t\u00e9 Civile, M. Cheikh Ahmed Ould Ahmed Salem Ould Sidi a pr\u00e9sid\u00e9, lundi, \u00e0 Nouakchott, la c\u00e9r\u00e9monie de lancement des activit\u00e9s de l\u2019Instance Nationale de Lutte contre la Traite des Personnes et le Trafic de Migrants (INLCTPTM), relevant du Commissariat aux Droits de l\u2019Homme, \u00e0 l\u2019Action Humanitaire et aux Relations avec la Soci\u00e9t\u00e9.<\/p>\n<p>L\u2019action de l\u2019Instance constituera un apport qualitatif dans le domaine de la protection des droits des victimes de la traite des personnes et du trafic de migrants.<\/p>\n<p>L\u2019instance \u0153uvrera, \u00e0 travers ses diff\u00e9rents outils \u00e0 intensifier les efforts du gouvernement dans la lutte contre ces ph\u00e9nom\u00e8nes \u00e0 travers un m\u00e9canisme de r\u00e9f\u00e9rencement et d\u2019orientation des victimes, qui cr\u00e9e un cadre de coop\u00e9ration permettant aux d\u00e9partements concern\u00e9s de fournir des services gr\u00e2ce au partenariat entre les autorit\u00e9s administratives et judiciaires, les acteurs de la soci\u00e9t\u00e9 civile et les agences du syst\u00e8me des Nations Unies.<\/p>\n<p>Le Fonds apportera \u00e9galement un soutien et une aide aux victimes d\u2019une part, et aux organisations de la soci\u00e9t\u00e9 civile travaillant sur le terrain en les aidant \u00e0 mettre en \u0153uvre leurs programmes d\u2019autre part.<\/p>\n<p>INLCTPTM permettra aussi la cr\u00e9ation et la gestion d\u2019une base de donn\u00e9es en se basant sur des statistiques et des informations relatives \u00e0 la lutte contre la traite des personnes et le trafic de migrants ainsi que l\u2019\u00e9laboration d\u2019un rapport annuel d\u00e9taill\u00e9 d\u2019activit\u00e9s.<\/p>\n<p>L\u2019INLCTPTM travaillera dans le cadre de la mise en \u0153uvre de plan d\u2019actions annuel \u00e0 assurer une coordination efficace.<\/p>\n<p>Dans le discours qu\u2019il a prononc\u00e9, \u00e0 cette occasion, le commissaire a d\u00e9clar\u00e9 que la cr\u00e9ation de l\u2019instance traduit l\u2019expression sinc\u00e8re de la volont\u00e9 et de la d\u00e9termination du gouvernement mauritanien \u00e0 poursuivre les efforts en mati\u00e8re de lutte contre la traite des personnes, conform\u00e9ment aux orientations du Pr\u00e9sident de la R\u00e9publique, Son Excellence Monsieur Mohamed Ould Cheikh El Ghazouani dans son programme \u201cMes Engagements\u201d, et en concr\u00e9tisation de la D\u00e9claration de Politique G\u00e9n\u00e9rale du gouvernement, dans son aspect relatif \u00e0 la promotion et \u00e0 la protection des droits de l\u2019Homme.<\/p>\n<p>Il a ajout\u00e9 que le lancement des activit\u00e9s de l\u2019Instance s\u2019inscrit dans le cadre de la mise en \u0153uvre des engagements internationaux de la Mauritanie en mati\u00e8re de promotion et de protection des droits de l\u2019Homme en g\u00e9n\u00e9ral et de renforcement du cadre institutionnel de lutte contre la traite des personnes et le trafic de migrants en particulier, et en application du Plan d\u2019Actions National de Lutte Contre la Traite des Personnes approuv\u00e9 par le Gouvernement en mars 2020.<\/p>\n<p>De son c\u00f4t\u00e9, l\u2019ambassadrice des \u00c9tats Unis d\u2019Am\u00e9rique SE Mme. Cynthia Kirscht en Mauritanie a indiqu\u00e9 que la Mauritanie a pris des mesures concr\u00e8tes visant \u00e0 renforcer le cadre l\u00e9gislatif de la traite des \u00eatres humains et du trafic illicite de migrants, de sensibiliser aux crimes et de d\u00e9velopper de nouvelles institutions pour y faire face, soulignant que ces mesures sont essentielles pour lutter contre la traite des \u00eatres humains dans notre pays.<\/p>\n<p>Elle et affirm\u00e9 que son pays encouragent le gouvernement mauritanien \u00e0 redoubler d\u2019efforts pour assurer l\u2019application de la loi et la protection des victimes.<\/p>\n<p>Le repr\u00e9sentant de L\u2019Organisation internationale pour les migrations (OIM), M. Boubacar Seybou a pr\u00e9cis\u00e9, pour sa part, que ce projet soutient l\u2019application des reformes de 2020 par l\u2019\u00e9laboration d\u2019orientations strat\u00e9giques et de formations pour renforcer la capacit\u00e9 des forces de l\u2019ordre et des fonctionnaires de premi\u00e8re ligne du syst\u00e8me judiciaire mauritanien \u00e0 identifier, \u00e0 enqu\u00eater et poursuivre les auteurs de crimes de traite conform\u00e9ment aux lois existantes.<\/p>\n<p>Il a r\u00e9affirm\u00e9 la disponibilit\u00e9 de l\u2019OIM \u00e0 accompagner l\u2019instance dans sa noble et exaltante mission.<\/p>\n<p>La c\u00e9r\u00e9monie s\u2019est d\u00e9roul\u00e9e en pr\u00e9sence des ministres de la Justice et de l\u2019Int\u00e9rieur et de la d\u00e9centralisation.<br \/>\nAmi<\/p>\n","protected":false},"excerpt":{"rendered":"<p>Le Commissaire aux Droits de l\u2019Homme, \u00e0 l\u2019Action Humanitaire et aux Relations avec la Soci\u00e9t\u00e9 Civile, M. Cheikh Ahmed Ould Ahmed Salem Ould Sidi a pr\u00e9sid\u00e9, lundi, \u00e0 Nouakchott, la c\u00e9r\u00e9monie de lancement des activit\u00e9s de l\u2019Instance Nationale de Lutte contre la Traite des Personnes et le Trafic de Migrants (INLCTPTM), relevant du Commissariat aux &hellip;<\/p>\n","protected":false},"author":2,"featured_media":0,"comment_status":"open","ping_status":"open","sticky":false,"template":"","format":"standard","meta":{"footnotes":""},"categories":[18],"tags":[],"class_list":["post-4071","post","type-post","status-publish","format-standard","hentry","category-actualites"],"_links":{"self":[{"href":"https:\/\/ladepeche.mr\/index.php?rest_route=\/wp\/v2\/posts\/4071","targetHints":{"allow":["GET"]}}],"collection":[{"href":"https:\/\/ladepeche.mr\/index.php?rest_route=\/wp\/v2\/posts"}],"about":[{"href":"https:\/\/ladepeche.mr\/index.php?rest_route=\/wp\/v2\/types\/post"}],"author":[{"embeddable":true,"href":"https:\/\/ladepeche.mr\/index.php?rest_route=\/wp\/v2\/users\/2"}],"replies":[{"embeddable":true,"href":"https:\/\/ladepeche.mr\/index.php?rest_route=%2Fwp%2Fv2%2Fcomments&post=4071"}],"version-history":[{"count":1,"href":"https:\/\/ladepeche.mr\/index.php?rest_route=\/wp\/v2\/posts\/4071\/revisions"}],"predecessor-version":[{"id":4072,"href":"https:\/\/ladepeche.mr\/index.php?rest_route=\/wp\/v2\/posts\/4071\/revisions\/4072"}],"wp:attachment":[{"href":"https:\/\/ladepeche.mr\/index.php?rest_route=%2Fwp%2Fv2%2Fmedia&parent=4071"}],"wp:term":[{"taxonomy":"category","embeddable":true,"href":"https:\/\/ladepeche.mr\/index.php?rest_route=%2Fwp%2Fv2%2Fcategories&post=4071"},{"taxonomy":"post_tag","embeddable":true,"href":"https:\/\/ladepeche.mr\/index.php?rest_route=%2Fwp%2Fv2%2Ftags&post=4071"}],"curies":[{"name":"wp","href":"https:\/\/api.w.org\/{rel}","templated":true}]}}