{"id":4073,"date":"2023-02-07T10:23:15","date_gmt":"2023-02-07T10:23:15","guid":{"rendered":"https:\/\/ladepeche.mr\/?p=4073"},"modified":"2023-02-07T10:23:15","modified_gmt":"2023-02-07T10:23:15","slug":"mali-lexpulsion-du-chef-des-droits-de-lhomme-de-la-minusma-une-decision-tres-politique","status":"publish","type":"post","link":"https:\/\/ladepeche.mr\/?p=4073","title":{"rendered":"Mali: l\u2019expulsion du chef des droits de l&#8217;homme de la Minusma, une d\u00e9cision tr\u00e8s politique"},"content":{"rendered":"<p>Accus\u00e9 par les autorit\u00e9s d&#8217;\u00ab agissements d\u00e9stabilisateurs et subversifs \u00bb, le directeur de la section droits de l&#8217;homme de la Minusma Guillaume Ngefa est d\u00e9sormais persona non grata au Mali. Son expulsion survient alors que l&#8217;avenir de la Minusma pose question. D\u00e9cryptage.<br \/>\nL&#8217;annonce de l&#8217;expulsion du chef de la section droits de l&#8217;homme de la Minusma a \u00e9t\u00e9 faite dimanche soir par les autorit\u00e9s de transition. Elles accusent Guillaume Ngefa d&#8217;\u00ab agissements d\u00e9stabilisateurs et subversifs \u00bb. Il s&#8217;agit en fait des suites de l&#8217;affaire Aminata Dicko. Le 27 janvier dernier, la vice-pr\u00e9sidente de l&#8217;association Kisal d\u00e9non\u00e7ait, devant le Conseil de s\u00e9curit\u00e9 de l&#8217;ONU, les exactions de l&#8217;arm\u00e9e malienne et de ses suppl\u00e9tifs russes. Bamako ne reconnait ni les propos, ni la qualit\u00e9 d&#8217;Aminata Dicko, et tient le chef droits de l&#8217;homme de la Minusma pour responsable.<\/p>\n<p>Car pour Bamako, la question des droits humains est \u00ab instrumentalis\u00e9e \u00bb, \u00ab politis\u00e9e \u00bb au service \u00ab d&#8217;agendas cach\u00e9s. \u00bb Ces termes sont employ\u00e9s dans les communiqu\u00e9s et discours officiels, \u00e0 chaque fois qu&#8217;une voix ose \u00e9voquer la restriction des libert\u00e9s civiques dans le pays ou, pire encore, les all\u00e9gations d&#8217;exactions port\u00e9es contre l&#8217;arm\u00e9e malienne et ses suppl\u00e9tifs russes. Une mani\u00e8re de disqualifier d&#8217;office les d\u00e9fenseurs des droits humains au nom, toujours, de la souverainet\u00e9 nationale.<\/p>\n<p>\u25ba \u00c0 lire aussi : Mali: la d\u00e9fenseuse des droits humains Aminata Dicko, cible d&#8217;une violente campagne de d\u00e9nigrement<\/p>\n<p>La strat\u00e9gie indigne nombre d&#8217;hommes politiques maliens, jusque dans les soutiens affich\u00e9s des autorit\u00e9s, mais aussi de responsables de la soci\u00e9t\u00e9 civile et d&#8217;observateurs avertis. Certains le disent ouvertement, la plupart hors micro, par crainte des cons\u00e9quences. Ce discours trouve en revanche un v\u00e9ritable \u00e9cho dans les milieux \u00ab n\u00e9o-panafricanistes \u00bb ou \u00ab patriotes \u00bb qui l&#8217;int\u00e8grent \u00e0 un argumentaire anti-Occident de plus en plus partag\u00e9 sur les r\u00e9seaux sociaux comme dans les rues maliennes et, plus globalement, ouest-africaines.<\/p>\n<p>L&#8217;expulsion du chef des droits de l&#8217;homme de la Minusma s&#8217;inscrit dans cette droite ligne. La mission onusienne s&#8217;y attendait d&#8217;ailleurs depuis des mois. Apr\u00e8s celle de son porte-parole, en juillet dernier, cette expulsion survient au moment o\u00f9 les Nations unies s&#8217;interrogent sur l&#8217;avenir de la Minusma. Les options vont d&#8217;une augmentation du nombre de casques bleus \u00e0 une r\u00e9duction de la Minusma \u00e0 un simple bureau politique, \u00e0 Bamako uniquement.<\/p>\n<p>La capacit\u00e9 du personnel onusien \u00e0 mener son travail est l&#8217;un des principaux crit\u00e8res de d\u00e9cision et le retrait int\u00e9gral de la Minusma n&#8217;est, \u00e0 ce stade, pas sur la table. Les autorit\u00e9s maliennes viennent, non sans panache, de contribuer \u00e0 la r\u00e9flexion en cours.<br \/>\nRfi<\/p>\n","protected":false},"excerpt":{"rendered":"<p>Accus\u00e9 par les autorit\u00e9s d&#8217;\u00ab agissements d\u00e9stabilisateurs et subversifs \u00bb, le directeur de la section droits de l&#8217;homme de la Minusma Guillaume Ngefa est d\u00e9sormais persona non grata au Mali. Son expulsion survient alors que l&#8217;avenir de la Minusma pose question. D\u00e9cryptage. L&#8217;annonce de l&#8217;expulsion du chef de la section droits de l&#8217;homme de la &hellip;<\/p>\n","protected":false},"author":2,"featured_media":4074,"comment_status":"open","ping_status":"open","sticky":false,"template":"","format":"standard","meta":{"footnotes":""},"categories":[18,29,28],"tags":[],"class_list":["post-4073","post","type-post","status-publish","format-standard","has-post-thumbnail","hentry","category-actualites","category-monde","category-sahel"],"_links":{"self":[{"href":"https:\/\/ladepeche.mr\/index.php?rest_route=\/wp\/v2\/posts\/4073","targetHints":{"allow":["GET"]}}],"collection":[{"href":"https:\/\/ladepeche.mr\/index.php?rest_route=\/wp\/v2\/posts"}],"about":[{"href":"https:\/\/ladepeche.mr\/index.php?rest_route=\/wp\/v2\/types\/post"}],"author":[{"embeddable":true,"href":"https:\/\/ladepeche.mr\/index.php?rest_route=\/wp\/v2\/users\/2"}],"replies":[{"embeddable":true,"href":"https:\/\/ladepeche.mr\/index.php?rest_route=%2Fwp%2Fv2%2Fcomments&post=4073"}],"version-history":[{"count":1,"href":"https:\/\/ladepeche.mr\/index.php?rest_route=\/wp\/v2\/posts\/4073\/revisions"}],"predecessor-version":[{"id":4075,"href":"https:\/\/ladepeche.mr\/index.php?rest_route=\/wp\/v2\/posts\/4073\/revisions\/4075"}],"wp:featuredmedia":[{"embeddable":true,"href":"https:\/\/ladepeche.mr\/index.php?rest_route=\/wp\/v2\/media\/4074"}],"wp:attachment":[{"href":"https:\/\/ladepeche.mr\/index.php?rest_route=%2Fwp%2Fv2%2Fmedia&parent=4073"}],"wp:term":[{"taxonomy":"category","embeddable":true,"href":"https:\/\/ladepeche.mr\/index.php?rest_route=%2Fwp%2Fv2%2Fcategories&post=4073"},{"taxonomy":"post_tag","embeddable":true,"href":"https:\/\/ladepeche.mr\/index.php?rest_route=%2Fwp%2Fv2%2Ftags&post=4073"}],"curies":[{"name":"wp","href":"https:\/\/api.w.org\/{rel}","templated":true}]}}