{"id":4085,"date":"2023-02-07T16:07:05","date_gmt":"2023-02-07T16:07:05","guid":{"rendered":"https:\/\/ladepeche.mr\/?p=4085"},"modified":"2023-02-07T16:39:18","modified_gmt":"2023-02-07T16:39:18","slug":"mauritanie-un-atelier-de-la-cndh-contre-lemploi-des-enfants-dans-les-travaux-dangereux","status":"publish","type":"post","link":"https:\/\/ladepeche.mr\/?p=4085","title":{"rendered":"Mauritanie : Un atelier conjoint CNDH et ambassade suisse contre l\u2019emploi des enfants dans les travaux dangereux"},"content":{"rendered":"<p>Le Commission nationale des droits de l&#8217;homme (CNDH), a organis\u00e9 conjointement, mardi, avec l&#8217;Ambassade de Suisse, un atelier de sensibilisation sur la pr\u00e9vention de l&#8217;emploi des enfants dans les travaux dangereux en Mauritanie.<\/p>\n<p>L&#8217;atelier fait partie des efforts de la CNDH visant \u00e0 promouvoir et prot\u00e9ger les droits de la personne et notamment la frange sensible des enfants.<br \/>\nL&#8217;atelier a \u00e9t\u00e9 inaugur\u00e9 en pr\u00e9sence de Son Excellence la Ministre des Affaires Sociales, de l&#8217;Enfance et de la Famille Savia Mint Ntaha, du Commissaire aux Droits de l&#8217;Homme, \u00e0 l&#8217;Action Humanitaire et aux Relations avec la Soci\u00e9t\u00e9 Civile, Cheikh Ahmedou Ould Ahmed Salem Ould Sidi, de SEM. Andrea Samadni, ambassadeur de Suisse en Mauritanie, du consul honoraire, Abdallah Ould Wald, et du premier conseiller de l&#8217;ambassade, Leela Ray.<\/p>\n<p>Une trentaine de participants de divers secteurs concern\u00e9s par la lutte contre l\u2019emploi des enfants dans les travaux dangereux b\u00e9n\u00e9ficieront de cet important atelier.<\/p>\n","protected":false},"excerpt":{"rendered":"<p>Le Commission nationale des droits de l&#8217;homme (CNDH), a organis\u00e9 conjointement, mardi, avec l&#8217;Ambassade de Suisse, un atelier de sensibilisation sur la pr\u00e9vention de l&#8217;emploi des enfants dans les travaux dangereux en Mauritanie. L&#8217;atelier fait partie des efforts de la CNDH visant \u00e0 promouvoir et prot\u00e9ger les droits de la personne et notamment la frange &hellip;<\/p>\n","protected":false},"author":2,"featured_media":4086,"comment_status":"open","ping_status":"open","sticky":false,"template":"","format":"standard","meta":{"footnotes":""},"categories":[18,15,27],"tags":[],"class_list":["post-4085","post","type-post","status-publish","format-standard","has-post-thumbnail","hentry","category-actualites","category-culture","category-sante"],"_links":{"self":[{"href":"https:\/\/ladepeche.mr\/index.php?rest_route=\/wp\/v2\/posts\/4085","targetHints":{"allow":["GET"]}}],"collection":[{"href":"https:\/\/ladepeche.mr\/index.php?rest_route=\/wp\/v2\/posts"}],"about":[{"href":"https:\/\/ladepeche.mr\/index.php?rest_route=\/wp\/v2\/types\/post"}],"author":[{"embeddable":true,"href":"https:\/\/ladepeche.mr\/index.php?rest_route=\/wp\/v2\/users\/2"}],"replies":[{"embeddable":true,"href":"https:\/\/ladepeche.mr\/index.php?rest_route=%2Fwp%2Fv2%2Fcomments&post=4085"}],"version-history":[{"count":2,"href":"https:\/\/ladepeche.mr\/index.php?rest_route=\/wp\/v2\/posts\/4085\/revisions"}],"predecessor-version":[{"id":4091,"href":"https:\/\/ladepeche.mr\/index.php?rest_route=\/wp\/v2\/posts\/4085\/revisions\/4091"}],"wp:featuredmedia":[{"embeddable":true,"href":"https:\/\/ladepeche.mr\/index.php?rest_route=\/wp\/v2\/media\/4086"}],"wp:attachment":[{"href":"https:\/\/ladepeche.mr\/index.php?rest_route=%2Fwp%2Fv2%2Fmedia&parent=4085"}],"wp:term":[{"taxonomy":"category","embeddable":true,"href":"https:\/\/ladepeche.mr\/index.php?rest_route=%2Fwp%2Fv2%2Fcategories&post=4085"},{"taxonomy":"post_tag","embeddable":true,"href":"https:\/\/ladepeche.mr\/index.php?rest_route=%2Fwp%2Fv2%2Ftags&post=4085"}],"curies":[{"name":"wp","href":"https:\/\/api.w.org\/{rel}","templated":true}]}}