{"id":4089,"date":"2023-02-07T16:51:02","date_gmt":"2023-02-07T16:51:02","guid":{"rendered":"https:\/\/ladepeche.mr\/?p=4089"},"modified":"2023-02-07T16:51:25","modified_gmt":"2023-02-07T16:51:25","slug":"une-delegation-ministerielle-receptionne-lavion-presidentiel-chinguitt","status":"publish","type":"post","link":"https:\/\/ladepeche.mr\/?p=4089","title":{"rendered":"Transport: Une d\u00e9l\u00e9gation minist\u00e9rielle r\u00e9ceptionne l\u2019avion pr\u00e9sidentiel Chinguitt"},"content":{"rendered":"<p>Le ministre de l\u2019Equipement et des Transports, porte-parole du Gouvernement, M. Nani Ould Chrougha, a r\u00e9ceptionn\u00e9, lundi, en compagnie du ministre des Finances, M. Isselmou Ould Mohmed M\u2019Bady, du conseiller \u00e0 la pr\u00e9sidence de la R\u00e9publique, M. Ahmed Ould Bah dit Hmeida et d\u2019une \u00e9quipe de l\u2019ambassade des Emirats arabes unis \u00e0 Nouakchott, pr\u00e9sid\u00e9e par SEM Hamed EL Amimi, l\u2019avion pr\u00e9sidentiel arriv\u00e9 \u00e0 l\u2019a\u00e9roport international Oum Tounsi.<\/p>\n<p>Proc\u00e9dant \u00e0 la visite de l\u2019avion pr\u00e9sidentiel, la d\u00e9l\u00e9gation minist\u00e9rielle a \u00e9cout\u00e9 des explications d\u00e9taill\u00e9es faite par son \u00e9quipage sur toutes ses sp\u00e9cificit\u00e9s et les \u00e9quipements dont il dispose.<\/p>\n<p>Cet avion acquis r\u00e9cemment par l\u2019Etat mauritanien est de type BJ 737 et il porte d\u00e9sormais le nom de Chinguitt.<br \/>\nAmi<\/p>\n","protected":false},"excerpt":{"rendered":"<p>Le ministre de l\u2019Equipement et des Transports, porte-parole du Gouvernement, M. Nani Ould Chrougha, a r\u00e9ceptionn\u00e9, lundi, en compagnie du ministre des Finances, M. Isselmou Ould Mohmed M\u2019Bady, du conseiller \u00e0 la pr\u00e9sidence de la R\u00e9publique, M. Ahmed Ould Bah dit Hmeida et d\u2019une \u00e9quipe de l\u2019ambassade des Emirats arabes unis \u00e0 Nouakchott, pr\u00e9sid\u00e9e par &hellip;<\/p>\n","protected":false},"author":2,"featured_media":4092,"comment_status":"open","ping_status":"open","sticky":false,"template":"","format":"standard","meta":{"footnotes":""},"categories":[18],"tags":[],"class_list":["post-4089","post","type-post","status-publish","format-standard","has-post-thumbnail","hentry","category-actualites"],"_links":{"self":[{"href":"https:\/\/ladepeche.mr\/index.php?rest_route=\/wp\/v2\/posts\/4089","targetHints":{"allow":["GET"]}}],"collection":[{"href":"https:\/\/ladepeche.mr\/index.php?rest_route=\/wp\/v2\/posts"}],"about":[{"href":"https:\/\/ladepeche.mr\/index.php?rest_route=\/wp\/v2\/types\/post"}],"author":[{"embeddable":true,"href":"https:\/\/ladepeche.mr\/index.php?rest_route=\/wp\/v2\/users\/2"}],"replies":[{"embeddable":true,"href":"https:\/\/ladepeche.mr\/index.php?rest_route=%2Fwp%2Fv2%2Fcomments&post=4089"}],"version-history":[{"count":2,"href":"https:\/\/ladepeche.mr\/index.php?rest_route=\/wp\/v2\/posts\/4089\/revisions"}],"predecessor-version":[{"id":4093,"href":"https:\/\/ladepeche.mr\/index.php?rest_route=\/wp\/v2\/posts\/4089\/revisions\/4093"}],"wp:featuredmedia":[{"embeddable":true,"href":"https:\/\/ladepeche.mr\/index.php?rest_route=\/wp\/v2\/media\/4092"}],"wp:attachment":[{"href":"https:\/\/ladepeche.mr\/index.php?rest_route=%2Fwp%2Fv2%2Fmedia&parent=4089"}],"wp:term":[{"taxonomy":"category","embeddable":true,"href":"https:\/\/ladepeche.mr\/index.php?rest_route=%2Fwp%2Fv2%2Fcategories&post=4089"},{"taxonomy":"post_tag","embeddable":true,"href":"https:\/\/ladepeche.mr\/index.php?rest_route=%2Fwp%2Fv2%2Ftags&post=4089"}],"curies":[{"name":"wp","href":"https:\/\/api.w.org\/{rel}","templated":true}]}}