{"id":4098,"date":"2023-02-08T22:54:52","date_gmt":"2023-02-08T22:54:52","guid":{"rendered":"https:\/\/ladepeche.mr\/?p=4098"},"modified":"2023-02-08T22:55:05","modified_gmt":"2023-02-08T22:55:05","slug":"communique-du-conseil-des-ministres-du-mercredi-08-fevrier-2023","status":"publish","type":"post","link":"https:\/\/ladepeche.mr\/?p=4098","title":{"rendered":"Communiqu\u00e9 du Conseil des Ministres du mercredi 08 f\u00e9vrier 2023"},"content":{"rendered":"<p>Le Conseil des Ministres s\u2019est r\u00e9uni le mercredi 08 f\u00e9vrier 2023, sous la Pr\u00e9sidence de Son Excellence Monsieur le Pr\u00e9sident de la R\u00e9publique, Mohamed Ould Cheikh El-Ghazouani.<\/p>\n<p>Le Conseil a examin\u00e9 et adopt\u00e9 les projets de d\u00e9crets suivants :<\/p>\n<p>\u2010 Projet de d\u00e9cret portant nomination du Pr\u00e9sident du Conseil d\u2019Administration du Centre National des Op\u00e9rations d\u2019Urgence en Sant\u00e9 Publique (CNOUSP).<\/p>\n<p>\u2010 Projet de d\u00e9cret portant approbation du plan de lotissement de la ville de N\u00e9ma, Moughataa de N\u00e9ma\/Wilaya du Hodh El Charghi et d\u00e9claration d\u2019utilit\u00e9 publique de la zone d\u2019extension.<\/p>\n<p>Le pr\u00e9sent projet a pour objectif de doter la ville de N\u00e9ma d\u2019un am\u00e9nagement int\u00e9gr\u00e9 de qualit\u00e9, d\u2019une superficie globale de trois mille quarante et un (3041) hectares, favorable \u00e0 son d\u00e9veloppement et garantissant aux populations un cadre de vie appropri\u00e9.<\/p>\n<p>\u2010 Projet de d\u00e9cret portant nomination du Pr\u00e9sident du Conseil d\u2019Administration de l\u2019Institut Sup\u00e9rieur de la Jeunesse et des Sports.<\/p>\n<p>Le Ministre de la Justice, Ministre des Affaires Etrang\u00e8res, de la Coop\u00e9ration et des Mauritaniens de l\u2019Ext\u00e9rieur par Int\u00e9rim a pr\u00e9sent\u00e9 une communication relative \u00e0 la situation internationale.<\/p>\n<p>Le Ministre de l\u2019Int\u00e9rieur et de la D\u00e9centralisation a pr\u00e9sent\u00e9 une communication relative \u00e0 la situation int\u00e9rieure.<\/p>\n<p>Enfin, le Conseil a pris les mesures individuelles suivantes :<\/p>\n<p>Minist\u00e8re de la sant\u00e9<\/p>\n<p>Etablissements publics<\/p>\n<p>Institut National de Recherche en Sant\u00e9 Publique (INRSP)<\/p>\n<p>Directeur G\u00e9n\u00e9ral : Dr Mohamed Abdellahi Ould Bellahi.<\/p>\n<p>Minist\u00e8re du Commerce, de l\u2019Industrie, de l\u2019Artisanat et du Tourisme<\/p>\n<p>Cabinet<\/p>\n<p>Charg\u00e9s de mission :<\/p>\n<p>\u2010 Mohamed Salem Bechir, Economiste.<\/p>\n<p>\u2010 Rabab HACHEM, sp\u00e9cialiste en sciences et technologie des aliments.<\/p>\n<p>Administration centrale<\/p>\n<p>Direction de l\u2019Industrie<\/p>\n<p>\u2010 Directeur Adjoint : LY Mamadou, Ing\u00e9nieur Agroalimentaire et D\u00e9veloppement Rural pr\u00e9c\u00e9demment Responsable du D\u00e9partement Qualit\u00e9 \/ Soci\u00e9t\u00e9 Mauritanienne des Produits Laitiers \u00e0 N\u00e9ma.<\/p>\n<p>Etablissements publics<\/p>\n<p>Direction G\u00e9n\u00e9rale de l\u2019Agence Mauritanienne de S\u00e9curit\u00e9 Sanitaire des Produits Alimentaire<\/p>\n<p>\u2010 Directeur G\u00e9n\u00e9ral : Dr Mahfouth Beye, Sp\u00e9cialiste de la sant\u00e9 publique, pr\u00e9c\u00e9demment charg\u00e9 de mission,<\/p>\n<p>\u2010 Directrice G\u00e9n\u00e9rale Adjointe : Elame Moulaye Ely, Sp\u00e9cialiste en Biochimie, pr\u00e9c\u00e9demment charg\u00e9e de mission.<\/p>\n<p>Minist\u00e8re de l\u2019Habitat, de l\u2019Urbanisme et de l\u2019Am\u00e9nagement du Territoire<\/p>\n<p>Cabinet<\/p>\n<p>Charg\u00e9s de mission :<\/p>\n<p>\u2010 Yahafdou Chrif Mohamed, Ing\u00e9nieur en G\u00e9nie Civil, pr\u00e9c\u00e9demment Directeur G\u00e9n\u00e9ral des B\u00e2timents et des Equipements Publics au m\u00eame minist\u00e8re.<\/p>\n<p>\u2010 Mohamed Salem Taguiyoullah, Ing\u00e9nieur en G\u00e9nie Civil, pr\u00e9c\u00e9demment Inspecteur interne.<\/p>\n<p>Administration centrale<\/p>\n<p>Direction de la Maintenance et de l\u2019Entretien<\/p>\n<p>\u2010 Directeur : Mohamed Mahmoud Siyam, Ing\u00e9nieur en G\u00e9nie Civil, pr\u00e9c\u00e9demment Coordinateur de projet.<\/p>\n<p>\u2010 Directeur Adjoint : Moustapha Ahmed Ould Djeoudia, pr\u00e9c\u00e9demment Chef de service au m\u00eame minist\u00e8re.<\/p>\n<p>Direction du D\u00e9veloppement, de la Planification et de la R\u00e8glementation Urbaine<\/p>\n<p>\u2010 Directeur Adjoint : Abdellahi Ould Mohamed, Cadre au m\u00eame minist\u00e8re.<\/p>\n<p>Direction de la Cartographie et de l\u2019Information G\u00e9ographique<\/p>\n<p>\u2010 Directeur Adjoint : Lassana Demba SOW, Titulaire d\u2019un Master2 en Migration, Gouvernance Territoriale et Fonci\u00e8re<br \/>\nAmi<\/p>\n","protected":false},"excerpt":{"rendered":"<p>Le Conseil des Ministres s\u2019est r\u00e9uni le mercredi 08 f\u00e9vrier 2023, sous la Pr\u00e9sidence de Son Excellence Monsieur le Pr\u00e9sident de la R\u00e9publique, Mohamed Ould Cheikh El-Ghazouani. Le Conseil a examin\u00e9 et adopt\u00e9 les projets de d\u00e9crets suivants : \u2010 Projet de d\u00e9cret portant nomination du Pr\u00e9sident du Conseil d\u2019Administration du Centre National des Op\u00e9rations &hellip;<\/p>\n","protected":false},"author":2,"featured_media":4096,"comment_status":"open","ping_status":"open","sticky":false,"template":"","format":"standard","meta":{"footnotes":""},"categories":[18],"tags":[],"class_list":["post-4098","post","type-post","status-publish","format-standard","has-post-thumbnail","hentry","category-actualites"],"_links":{"self":[{"href":"https:\/\/ladepeche.mr\/index.php?rest_route=\/wp\/v2\/posts\/4098","targetHints":{"allow":["GET"]}}],"collection":[{"href":"https:\/\/ladepeche.mr\/index.php?rest_route=\/wp\/v2\/posts"}],"about":[{"href":"https:\/\/ladepeche.mr\/index.php?rest_route=\/wp\/v2\/types\/post"}],"author":[{"embeddable":true,"href":"https:\/\/ladepeche.mr\/index.php?rest_route=\/wp\/v2\/users\/2"}],"replies":[{"embeddable":true,"href":"https:\/\/ladepeche.mr\/index.php?rest_route=%2Fwp%2Fv2%2Fcomments&post=4098"}],"version-history":[{"count":2,"href":"https:\/\/ladepeche.mr\/index.php?rest_route=\/wp\/v2\/posts\/4098\/revisions"}],"predecessor-version":[{"id":4100,"href":"https:\/\/ladepeche.mr\/index.php?rest_route=\/wp\/v2\/posts\/4098\/revisions\/4100"}],"wp:featuredmedia":[{"embeddable":true,"href":"https:\/\/ladepeche.mr\/index.php?rest_route=\/wp\/v2\/media\/4096"}],"wp:attachment":[{"href":"https:\/\/ladepeche.mr\/index.php?rest_route=%2Fwp%2Fv2%2Fmedia&parent=4098"}],"wp:term":[{"taxonomy":"category","embeddable":true,"href":"https:\/\/ladepeche.mr\/index.php?rest_route=%2Fwp%2Fv2%2Fcategories&post=4098"},{"taxonomy":"post_tag","embeddable":true,"href":"https:\/\/ladepeche.mr\/index.php?rest_route=%2Fwp%2Fv2%2Ftags&post=4098"}],"curies":[{"name":"wp","href":"https:\/\/api.w.org\/{rel}","templated":true}]}}