{"id":4115,"date":"2023-02-09T14:36:46","date_gmt":"2023-02-09T14:36:46","guid":{"rendered":"https:\/\/ladepeche.mr\/?p=4115"},"modified":"2023-02-09T14:36:46","modified_gmt":"2023-02-09T14:36:46","slug":"proces-de-lancien-president-communique-de-la-cndh","status":"publish","type":"post","link":"https:\/\/ladepeche.mr\/?p=4115","title":{"rendered":"Proc\u00e8s de l\u2019ancien pr\u00e9sident: Communiqu\u00e9 de la CNDH"},"content":{"rendered":"<p>Par le pr\u00e9sent communiqu\u00e9, la Commission nationale des droits de l\u2019homme de Mauritanie (CNDH) rappelle que son mandat est de Promouvoir et Prot\u00e9ger les droits de l\u2019homme, les droits humains et ce sans exclusive ;<br \/>\n\u00a0<br \/>\nA ce titre la CNDH s\u2019int\u00e9resse et s\u2019enquiert de toutes les situations o\u00f9 les droits humains sont viol\u00e9s ou susceptibles d\u2019\u00eatre viol\u00e9s.<br \/>\n\u00a0<br \/>\nC\u2019est donc pour un int\u00e9r\u00eat dict\u00e9 par son mandat que la CNDH est observatrice, depuis le 25 janvier 2023 du d\u00e9roulement du Proc\u00e8s de l\u2019ex Pr\u00e9sident de la R\u00e9publique M. Mohamed Abdel Aziz. La CNDH est pr\u00e9sente au proc\u00e8s, y suit son d\u00e9roulement.<br \/>\nA ce stade de la proc\u00e9dure la CNDH r\u00e9it\u00e8re la seule pr\u00e9occupation qui doit \u00eatre la sienne\u00a0: UN PROC\u00c8S \u00c9QUITABLE. \u00a0<br \/>\nLE PROC\u00c8S \u00c9QUITABLE a des pr\u00e9requis qui naissent d\u00e8s le commencement des poursuites CONTRE UN PR\u00c9VENU.<br \/>\nLes poursuites contre l\u2019ex-pr\u00e9sident de la R\u00e9publique ont \u00e9t\u00e9 entam\u00e9es il y\u2019a un an\u00a0et la CNDH avait d\u00e8s l\u2019abord, sollicit\u00e9 et obtenu le droit de rendre visite au pr\u00e9venu ex-pr\u00e9sident de la r\u00e9publique.<br \/>\nL\u2019Ex pr\u00e9sident, Mohamed Abdel Aziz avait refus\u00e9, pour des raisons qui lui sont propres de recevoir la CNDH. Il est dans son droit et la CNDH respecte et se doit de respecter l\u2019exercice de ce droit.<br \/>\nCela fait d\u00e9j\u00e0 une dizaine de jours que le proc\u00e8s a commenc\u00e9, et si d\u2019aventure M. Mohamed Abdel Aziz revenait \u00e0 de meilleurs sentiments, si M. Mohamed Abdel Aziz redevenait dispos\u00e9 \u00e0 recevoir la CNDH, celle-ci aurait l\u2019obligation d\u00e9ontologique de r\u00e9it\u00e9rer sa demande et \u00e0 lui rendre visite pour s\u2019enqu\u00e9rir de ses conditions de d\u00e9tention et du respect de ses droits.<br \/>\n\u00a0<br \/>\nLes droits de l\u2019homme, les garanties qui y sont attach\u00e9es sont ouvertes \u00e0 tout individu, quoi que puisse \u00eatre la nature de l\u2019accusation.<\/p>\n","protected":false},"excerpt":{"rendered":"<p>Par le pr\u00e9sent communiqu\u00e9, la Commission nationale des droits de l\u2019homme de Mauritanie (CNDH) rappelle que son mandat est de Promouvoir et Prot\u00e9ger les droits de l\u2019homme, les droits humains et ce sans exclusive ; \u00a0 A ce titre la CNDH s\u2019int\u00e9resse et s\u2019enquiert de toutes les situations o\u00f9 les droits humains sont viol\u00e9s ou &hellip;<\/p>\n","protected":false},"author":2,"featured_media":3452,"comment_status":"open","ping_status":"open","sticky":false,"template":"","format":"standard","meta":{"footnotes":""},"categories":[18,19],"tags":[],"class_list":["post-4115","post","type-post","status-publish","format-standard","has-post-thumbnail","hentry","category-actualites","category-tribune"],"_links":{"self":[{"href":"https:\/\/ladepeche.mr\/index.php?rest_route=\/wp\/v2\/posts\/4115","targetHints":{"allow":["GET"]}}],"collection":[{"href":"https:\/\/ladepeche.mr\/index.php?rest_route=\/wp\/v2\/posts"}],"about":[{"href":"https:\/\/ladepeche.mr\/index.php?rest_route=\/wp\/v2\/types\/post"}],"author":[{"embeddable":true,"href":"https:\/\/ladepeche.mr\/index.php?rest_route=\/wp\/v2\/users\/2"}],"replies":[{"embeddable":true,"href":"https:\/\/ladepeche.mr\/index.php?rest_route=%2Fwp%2Fv2%2Fcomments&post=4115"}],"version-history":[{"count":1,"href":"https:\/\/ladepeche.mr\/index.php?rest_route=\/wp\/v2\/posts\/4115\/revisions"}],"predecessor-version":[{"id":4116,"href":"https:\/\/ladepeche.mr\/index.php?rest_route=\/wp\/v2\/posts\/4115\/revisions\/4116"}],"wp:featuredmedia":[{"embeddable":true,"href":"https:\/\/ladepeche.mr\/index.php?rest_route=\/wp\/v2\/media\/3452"}],"wp:attachment":[{"href":"https:\/\/ladepeche.mr\/index.php?rest_route=%2Fwp%2Fv2%2Fmedia&parent=4115"}],"wp:term":[{"taxonomy":"category","embeddable":true,"href":"https:\/\/ladepeche.mr\/index.php?rest_route=%2Fwp%2Fv2%2Fcategories&post=4115"},{"taxonomy":"post_tag","embeddable":true,"href":"https:\/\/ladepeche.mr\/index.php?rest_route=%2Fwp%2Fv2%2Ftags&post=4115"}],"curies":[{"name":"wp","href":"https:\/\/api.w.org\/{rel}","templated":true}]}}