{"id":4125,"date":"2023-02-10T20:51:26","date_gmt":"2023-02-10T20:51:26","guid":{"rendered":"https:\/\/ladepeche.mr\/?p=4125"},"modified":"2023-02-10T20:51:26","modified_gmt":"2023-02-10T20:51:26","slug":"mauritanie-deces-dun-activiste-peu-de-temps-apres-son-arrestation-par-la-police-a-dar-naim","status":"publish","type":"post","link":"https:\/\/ladepeche.mr\/?p=4125","title":{"rendered":"Mauritanie : d\u00e9c\u00e8s d&#8217;un activiste peu de temps apr\u00e8s son arrestation par la police \u00e0 Dar-Naim"},"content":{"rendered":"<p>Des militants et des blogueurs ont fait circuler la nouvelle de la mort du jeune Souvi Ould Cheine, qui a \u00e9t\u00e9 arr\u00eat\u00e9 par la police, condamnant l\u2019incident et exigeant l\u2019ouverture imm\u00e9diate d\u2019une enqu\u00eate pour conna\u00eetre les circonstances de sa mort.<\/p>\n<p>Le d\u00e9funt, \u00e9tait en garde \u00e0 vue, \u00e0 l\u2019un des commissariats de Dar-Naim o\u00f9 il \u00e9tait d\u00e9tenu. Des proches de Souvi Ould Cheine disent qu\u2019il a \u00e9t\u00e9 attaqu\u00e9 par la police dans le district de Dar-Naim, dans la wilaya du nord de Nouakchott, ce qui a caus\u00e9 sa mort.<\/p>\n<p>Souvi Ould Cheine a \u00e9t\u00e9 transf\u00e9r\u00e9 de sa d\u00e9tention au bureau du commissaire de police \u00e0 l\u2019h\u00f4pital Cheikh Zayed pour y \u00eatre soign\u00e9, avant de d\u00e9c\u00e9der.<br \/>\nPoints Chauds via cridem<\/p>\n","protected":false},"excerpt":{"rendered":"<p>Des militants et des blogueurs ont fait circuler la nouvelle de la mort du jeune Souvi Ould Cheine, qui a \u00e9t\u00e9 arr\u00eat\u00e9 par la police, condamnant l\u2019incident et exigeant l\u2019ouverture imm\u00e9diate d\u2019une enqu\u00eate pour conna\u00eetre les circonstances de sa mort. Le d\u00e9funt, \u00e9tait en garde \u00e0 vue, \u00e0 l\u2019un des commissariats de Dar-Naim o\u00f9 il &hellip;<\/p>\n","protected":false},"author":2,"featured_media":4126,"comment_status":"open","ping_status":"open","sticky":false,"template":"","format":"standard","meta":{"footnotes":""},"categories":[18],"tags":[],"class_list":["post-4125","post","type-post","status-publish","format-standard","has-post-thumbnail","hentry","category-actualites"],"_links":{"self":[{"href":"https:\/\/ladepeche.mr\/index.php?rest_route=\/wp\/v2\/posts\/4125","targetHints":{"allow":["GET"]}}],"collection":[{"href":"https:\/\/ladepeche.mr\/index.php?rest_route=\/wp\/v2\/posts"}],"about":[{"href":"https:\/\/ladepeche.mr\/index.php?rest_route=\/wp\/v2\/types\/post"}],"author":[{"embeddable":true,"href":"https:\/\/ladepeche.mr\/index.php?rest_route=\/wp\/v2\/users\/2"}],"replies":[{"embeddable":true,"href":"https:\/\/ladepeche.mr\/index.php?rest_route=%2Fwp%2Fv2%2Fcomments&post=4125"}],"version-history":[{"count":1,"href":"https:\/\/ladepeche.mr\/index.php?rest_route=\/wp\/v2\/posts\/4125\/revisions"}],"predecessor-version":[{"id":4127,"href":"https:\/\/ladepeche.mr\/index.php?rest_route=\/wp\/v2\/posts\/4125\/revisions\/4127"}],"wp:featuredmedia":[{"embeddable":true,"href":"https:\/\/ladepeche.mr\/index.php?rest_route=\/wp\/v2\/media\/4126"}],"wp:attachment":[{"href":"https:\/\/ladepeche.mr\/index.php?rest_route=%2Fwp%2Fv2%2Fmedia&parent=4125"}],"wp:term":[{"taxonomy":"category","embeddable":true,"href":"https:\/\/ladepeche.mr\/index.php?rest_route=%2Fwp%2Fv2%2Fcategories&post=4125"},{"taxonomy":"post_tag","embeddable":true,"href":"https:\/\/ladepeche.mr\/index.php?rest_route=%2Fwp%2Fv2%2Ftags&post=4125"}],"curies":[{"name":"wp","href":"https:\/\/api.w.org\/{rel}","templated":true}]}}