{"id":4130,"date":"2023-02-11T13:37:54","date_gmt":"2023-02-11T13:37:54","guid":{"rendered":"https:\/\/ladepeche.mr\/?p=4130"},"modified":"2023-02-11T13:44:21","modified_gmt":"2023-02-11T13:44:21","slug":"urbanisme-affaire-des-palmiers-de-la-socogim-ps","status":"publish","type":"post","link":"https:\/\/ladepeche.mr\/?p=4130","title":{"rendered":"Urbanisme : Affaire des Palmiers de la Socogim PS"},"content":{"rendered":"<p>Selon les t\u00e9moignages recueillis ce matin du vendredi 10 f\u00e9vrier 2023, sur le site des palmiers de la centrale chinoise (Socogim PS), le minist\u00e8re de l\u2019habitat aurait inform\u00e9 les usagers du site (environ 60 cultivateurs &#8211; trices) de sa volont\u00e9 de raser le site, en donnant un d\u00e9lai de 15 jours aux usagers, pour d\u00e9guerpir et pour inscrire leurs noms sur une liste de d\u00e9localisation vers le PK17.<br \/>\nLa mission d\u2019information des usagers de cette palmeraie aurait \u00e9t\u00e9 confi\u00e9e au gardien des lieux qui affirme avoir contact\u00e9 59 des 60 concern\u00e9s par cette d\u00e9cision.<br \/>\n20 jours apr\u00e8s l\u2019avis du minist\u00e8re, les bulldozers sont entr\u00e9s en action arrachant les palmiers et rasant toutes les plantes sur leurs parcours &#8211; malgr\u00e9 les protestations des quelques personnes pr\u00e9sentes qui semblent \u00eatre propri\u00e9taires de parcelles agricoles soutenus par des activistes de la soci\u00e9t\u00e9 civile.<br \/>\nEn \u00e9coutant, ce matin, leurs histoires, j\u2019avais l\u2019impression de r\u00e9\u00e9couter une histoire similaire \u2026 celle des jardins de Sebkha\u2026. exactement les m\u00eames tentatives de spoliation des terres \u00e0 des fins immobili\u00e8res\u2026 le m\u00eame modus operandi : contamination des sources d\u2019eau, intimidations, promesses non tenues, incendies criminelles, provocations, d\u00e9chetterie \u2026.<br \/>\nLa premi\u00e8re famille interview\u00e9e (un couple avec un b\u00e9b\u00e9 r\u00e9fugi\u00e9s sous un mbar) raconte avoir h\u00e9rit\u00e9 d\u2019une parcelle de leurs parents qui habitaient la kebbe (bidonville) d\u2019en face. Ces derniers cultivaient ici pour produire, comme tous les habitants de l\u2019\u00e9poque, leurs besoins en l\u00e9gumes, sous les palmiers plant\u00e9s ici durant les ann\u00e9es 70, \u00e0 l\u2019instar des cultures oasiennes.<br \/>\nUn immense sentiment d\u2019incompr\u00e9hension, d\u2019impuissance et d\u2019injustice s\u2019exprimait \u00e0 travers les expressions et les d\u00e9clarations de ce couple qui suivaient le massacre en direct de leur h\u00e9ritage.<br \/>\nA la question pour savoir s\u2019ils ont des documents de propri\u00e9t\u00e9, ils \u00e9voquent la \u00abloi 83\/127 du 5 juin 1983 qu\u2019ils appellent la loi de Haidalla\u00bb qui leur donnait l\u00e9gitimit\u00e9 sur ces terres.<br \/>\nPour rappel, cette loi du r\u00e9gime des coop\u00e9ratives agro-pastorales &#8211; qui avait reconnu \u00e0 75 coop\u00e9ratives le droit d\u2019exploiter 158 hectares dans la ville de Nouakchott &#8211; donnait aux 7.961 membres adh\u00e9rents le droit \u00e0 des titres fonciers d\u00e9finitifs (sources : Institut africain de gestion urbaine (IAGU), 2007 et Direction r\u00e9gionale de l\u2019agriculture de Nouakchott (DRAN), 2014).<br \/>\nAutour du couple install\u00e9 l\u00e0 depuis le matin, se formait un groupe de spectateurs, qui grossissait au fur et \u00e0 mesure, compos\u00e9 de propri\u00e9taires, de m\u00e9tayers, d\u2019ouvriers agricoles et d\u2019activistes de la soci\u00e9t\u00e9 civile engag\u00e9s dans la conservation de l\u2019environnement.<br \/>\nSi les motivations des uns et des autres \u00e9taient diff\u00e9rentes, tous \u00e9taient unanimes pour exprimer leur incompr\u00e9hension et leur col\u00e8re devant la violence de l\u2019op\u00e9ration de rasage du site.<br \/>\nIl y avait ceux motiv\u00e9s par la compensation de leurs terres qui exprimaient la peur de re-vivre des promesses non tenues &#8211; ceux qui voyait leur h\u00e9ritage et leur histoire violent\u00e9e &#8211; ceux qui voyaient leurs revenus spoli\u00e9s et ceux qui consid\u00e9raient cet acte comme criminel et non justifi\u00e9.<\/p>\n<p>En effet, le motif invoqu\u00e9 par le porte-parole du minist\u00e8re de l\u2019habitat &#8211; \u00ab insalubrit\u00e9 du site qui ne r\u00e9pond pas aux normes de qualit\u00e9 urbaine\u00bb &#8211; est un motif totalement inacceptable pour les citoyens avertis de la ville de Nouakchott.<br \/>\nVouloir \u00e0 tout prix faire appliquer la d\u00e9cision &#8211; qui a \u00e9t\u00e9 prise en 2011 par le conseil des ministres de l\u2019\u00e9poque &#8211; \u00e0 savoir am\u00e9nager 310 hectares (soit 433 parcelles de terrain de 625 m2) au niveau du PK 17 au sud de Nouakchott pour lib\u00e9rer du foncier dans la ville &#8211; est anachronique et en total contradiction avec les engagements pris par les hautes autorit\u00e9s du pays en faveur du Climat et de la s\u00e9curit\u00e9 alimentaire (Grande muraille verte &#8211; Contribution D\u00e9termin\u00e9e Nationale &#8211; SDAU &#8211; PDU \u2026.)<br \/>\n\u00ab Restaurer les p\u00e9rim\u00e8tres agricoles en milieu urbain, v\u00e9g\u00e9taliser les rues, les toits \u2026 est une priorit\u00e9 dans toutes les cit\u00e9s du monde ! Pourquoi Nouakchott d\u00e9truit syst\u00e9matiquement son patrimoine naturel m\u00eame celui class\u00e9 et prot\u00e9g\u00e9 ? \u00bb<br \/>\n\u00abNous ne comprenons pas pourquoi le gouvernement s\u2019acharne \u00e0 d\u00e9truire tout ce patrimoine naturel, qui a mis un demi si\u00e8cle pour se constituer,  dans une capitale comme Nouakchott, qui \u00e9touffe par manque d\u2019espaces verts \u00bb s\u2019exclament ces jeunes citoyens venus de la cit\u00e9 Plage pour manifester leur opposition \u00e0 la destruction des palmiers.<br \/>\n\u00ab Au lieu de les pr\u00e9server et de les valoriser, nous abattons les magnifiques arbres et palmiers qui ont mis des d\u00e9cennies d&#8217;efforts et de moyens pour s&#8217;\u00e9panouir- en une fraction de seconde- an\u00e9antissant \u00e0 tout jamais l&#8217;histoire, la culture, le revenu de dizaines de familles dans cette ville. \u00bb<br \/>\n&#8220;Au lieu d&#8217;encourager, d&#8217;encadrer et de soutenir ces jardiniers autodidactes qui ont travaill\u00e9 \u00e0 mains nues, sans aucun soutien, ces terres pour en sortir de quoi nourrir leurs familles, nous d\u00e9truisons leur espoirs !<br \/>\n\u00abComment peut-on arracher des arbres dans un contexte de Changements Climatiques, alors que tout le monde sait que planter des arbres demeure l\u2019unique solution pour stabiliser les sols et les prot\u00e9ger contre les \u00e9rosions ? \u00bb<br \/>\nAutant de questions qui se posent aujourd\u2019hui devant cet acte d\u2019une rare violence qui s\u00e9vit depuis le jeudi 09 f\u00e9vrier 2023.<\/p>\n<p>La Citoyenne Lambda<\/p>\n","protected":false},"excerpt":{"rendered":"<p>Selon les t\u00e9moignages recueillis ce matin du vendredi 10 f\u00e9vrier 2023, sur le site des palmiers de la centrale chinoise (Socogim PS), le minist\u00e8re de l\u2019habitat aurait inform\u00e9 les usagers du site (environ 60 cultivateurs &#8211; trices) de sa volont\u00e9 de raser le site, en donnant un d\u00e9lai de 15 jours aux usagers, pour d\u00e9guerpir &hellip;<\/p>\n","protected":false},"author":2,"featured_media":4137,"comment_status":"open","ping_status":"open","sticky":false,"template":"","format":"standard","meta":{"footnotes":""},"categories":[18,31],"tags":[],"class_list":["post-4130","post","type-post","status-publish","format-standard","has-post-thumbnail","hentry","category-actualites","category-politique-et-reportages"],"_links":{"self":[{"href":"https:\/\/ladepeche.mr\/index.php?rest_route=\/wp\/v2\/posts\/4130","targetHints":{"allow":["GET"]}}],"collection":[{"href":"https:\/\/ladepeche.mr\/index.php?rest_route=\/wp\/v2\/posts"}],"about":[{"href":"https:\/\/ladepeche.mr\/index.php?rest_route=\/wp\/v2\/types\/post"}],"author":[{"embeddable":true,"href":"https:\/\/ladepeche.mr\/index.php?rest_route=\/wp\/v2\/users\/2"}],"replies":[{"embeddable":true,"href":"https:\/\/ladepeche.mr\/index.php?rest_route=%2Fwp%2Fv2%2Fcomments&post=4130"}],"version-history":[{"count":2,"href":"https:\/\/ladepeche.mr\/index.php?rest_route=\/wp\/v2\/posts\/4130\/revisions"}],"predecessor-version":[{"id":4136,"href":"https:\/\/ladepeche.mr\/index.php?rest_route=\/wp\/v2\/posts\/4130\/revisions\/4136"}],"wp:featuredmedia":[{"embeddable":true,"href":"https:\/\/ladepeche.mr\/index.php?rest_route=\/wp\/v2\/media\/4137"}],"wp:attachment":[{"href":"https:\/\/ladepeche.mr\/index.php?rest_route=%2Fwp%2Fv2%2Fmedia&parent=4130"}],"wp:term":[{"taxonomy":"category","embeddable":true,"href":"https:\/\/ladepeche.mr\/index.php?rest_route=%2Fwp%2Fv2%2Fcategories&post=4130"},{"taxonomy":"post_tag","embeddable":true,"href":"https:\/\/ladepeche.mr\/index.php?rest_route=%2Fwp%2Fv2%2Ftags&post=4130"}],"curies":[{"name":"wp","href":"https:\/\/api.w.org\/{rel}","templated":true}]}}