{"id":4141,"date":"2023-02-11T16:55:40","date_gmt":"2023-02-11T16:55:40","guid":{"rendered":"https:\/\/ladepeche.mr\/?p=4141"},"modified":"2023-02-11T17:11:51","modified_gmt":"2023-02-11T17:11:51","slug":"deces-de-souvi-chein-ses-geoliers-arretes-pour-les-besoins-de-lenquete","status":"publish","type":"post","link":"https:\/\/ladepeche.mr\/?p=4141","title":{"rendered":"D\u00e9c\u00e8s de Souvi Chein: Ses ge\u00f4liers arr\u00eat\u00e9s pour les besoins de l\u2019enqu\u00eate"},"content":{"rendered":"<p>La direction g\u00e9n\u00e9rale de la s\u00fbret\u00e9 nationale (DGSN) aurait d\u00e9cid\u00e9 d\u2019arr\u00eater le commissaire de police et les agents en faction au commissariat de Dar Na\u00efm 2 pour les besoins de l\u2019enqu\u00eate sur la mort, le 09-02-2023, de Souvi Ould Chein alors en garde-\u00e0-vue.<br \/>\nLes policiers devraient \u00eatre entendus sur les circonstances de l\u2019arrestation puis la mort de Souvi Ould Chein, arr\u00eat\u00e9 suite \u00e0 une plainte contre lui par une tierce personne.<br \/>\nLes ayants droit de la victime \u00e9voquent un mauvais traitement administr\u00e9 \u00e0 la victime pendant sa garde-\u00e0-vue.<br \/>\nLa CNDH et d\u2019autres organisations de droit de l\u2019homme m\u00e8nent aussi des enqu\u00eates pour faire la lumi\u00e8re sur les circonstances du d\u00e9c\u00e8s de Souvi Chein.<br \/>\nLe pr\u00e9sident Ghazouani aurait lui-m\u00eame rendu visite aux proches de Souvi Chein et promis que toute la v\u00e9rit\u00e9 sur cette affaire sera r\u00e9v\u00e9l\u00e9e.<\/p>\n","protected":false},"excerpt":{"rendered":"<p>La direction g\u00e9n\u00e9rale de la s\u00fbret\u00e9 nationale (DGSN) aurait d\u00e9cid\u00e9 d\u2019arr\u00eater le commissaire de police et les agents en faction au commissariat de Dar Na\u00efm 2 pour les besoins de l\u2019enqu\u00eate sur la mort, le 09-02-2023, de Souvi Ould Chein alors en garde-\u00e0-vue. Les policiers devraient \u00eatre entendus sur les circonstances de l\u2019arrestation puis la &hellip;<\/p>\n","protected":false},"author":2,"featured_media":4126,"comment_status":"open","ping_status":"open","sticky":false,"template":"","format":"standard","meta":{"footnotes":""},"categories":[18],"tags":[],"class_list":["post-4141","post","type-post","status-publish","format-standard","has-post-thumbnail","hentry","category-actualites"],"_links":{"self":[{"href":"https:\/\/ladepeche.mr\/index.php?rest_route=\/wp\/v2\/posts\/4141","targetHints":{"allow":["GET"]}}],"collection":[{"href":"https:\/\/ladepeche.mr\/index.php?rest_route=\/wp\/v2\/posts"}],"about":[{"href":"https:\/\/ladepeche.mr\/index.php?rest_route=\/wp\/v2\/types\/post"}],"author":[{"embeddable":true,"href":"https:\/\/ladepeche.mr\/index.php?rest_route=\/wp\/v2\/users\/2"}],"replies":[{"embeddable":true,"href":"https:\/\/ladepeche.mr\/index.php?rest_route=%2Fwp%2Fv2%2Fcomments&post=4141"}],"version-history":[{"count":3,"href":"https:\/\/ladepeche.mr\/index.php?rest_route=\/wp\/v2\/posts\/4141\/revisions"}],"predecessor-version":[{"id":4144,"href":"https:\/\/ladepeche.mr\/index.php?rest_route=\/wp\/v2\/posts\/4141\/revisions\/4144"}],"wp:featuredmedia":[{"embeddable":true,"href":"https:\/\/ladepeche.mr\/index.php?rest_route=\/wp\/v2\/media\/4126"}],"wp:attachment":[{"href":"https:\/\/ladepeche.mr\/index.php?rest_route=%2Fwp%2Fv2%2Fmedia&parent=4141"}],"wp:term":[{"taxonomy":"category","embeddable":true,"href":"https:\/\/ladepeche.mr\/index.php?rest_route=%2Fwp%2Fv2%2Fcategories&post=4141"},{"taxonomy":"post_tag","embeddable":true,"href":"https:\/\/ladepeche.mr\/index.php?rest_route=%2Fwp%2Fv2%2Ftags&post=4141"}],"curies":[{"name":"wp","href":"https:\/\/api.w.org\/{rel}","templated":true}]}}