{"id":4152,"date":"2023-02-12T00:08:31","date_gmt":"2023-02-12T00:08:31","guid":{"rendered":"https:\/\/ladepeche.mr\/?p=4152"},"modified":"2023-02-12T16:48:49","modified_gmt":"2023-02-12T16:48:49","slug":"deces-de-souvi-ould-chein-la-verite-toute-la-verite-et-rien-que-la-verite","status":"publish","type":"post","link":"https:\/\/ladepeche.mr\/?p=4152","title":{"rendered":"D\u00e9c\u00e8s de Souvi Ould Chein: \u00abLa v\u00e9rit\u00e9, toute la v\u00e9rit\u00e9 et rien que la v\u00e9rit\u00e9 \u00bb"},"content":{"rendered":"<p>Fallait-il qu\u2019un compatriote meurt dans des circonstances pour le moins louches dans un commissariat de police de la capitale pour qu\u2019enfin, du sommet \u00e0 la base, nous acceptions de regarder en face la partie hideuse de notre syst\u00e8me s\u00e9curitaire? Combien sont-ils morts, depuis l\u2019Independance \u00e0 nos jours, dans des circonstances similaires o\u00f9 les proches des victimes souffraient toujours dans leur chair et dans un fatalisme bien de chez nous, la honte et le martyr, sans oser demander d\u2019explication aux bourreaux de leurs enfants?  <\/p>\n<p>Aujourd\u2019hui, plus que jamais, Souvi Ould Chein, ne devrait pas \u00eatre mort&#8230;pour rien. L\u2019autopsie que les m\u00e9decins l\u00e9gistes vont pratiquer et les conclusions qu\u2019en tirera le parquet devraient servir, sans l\u2019ombre d\u2019un doute, \u00e0 la manifestation de la v\u00e9rit\u00e9, toute la v\u00e9rit\u00e9 et rien que la v\u00e9rit\u00e9. La v\u00e9rit\u00e9 qui tous, \u00e0 l\u2019unisson, r\u00e9clamons pour lui, ses proches, pour nous m\u00eames et m\u00eame pour le corps de la police. Une v\u00e9rit\u00e9 qui permettra d\u2019identifier le (les) coupables, le mobile et d&#8217;envisager un proc\u00e8s pour l\u2019exemple. C\u2019est \u00e0 ce prix que Souvi Ould Chein aura donn\u00e9 sa vie afin qu\u2019aucune autre personne ne soit plus trait\u00e9e comme il l\u2019a \u00e9t\u00e9. C\u2019est comme cela qu\u2019il reposera en paix. Allah l\u2019ait dans Sa Mis\u00e9ricorde.<\/p>\n<p>Mais refusons l\u2019amalgame dans ces moments de douleur ou le discernement n\u2019est pas toujours facile. Toute la police qui veille \u00e0 la qui\u00e9tude publique ne saurait \u00eatre \u00e9ventuellement prise pour responsable de ce traitement inhumain et d\u00e9gradant contre le citoyen Souvi Ould Chein. A la v\u00e9rit\u00e9 nous devons aussi rappeler que la police est le reflet de notre soci\u00e9t\u00e9. C\u2019est pourquoi dans le contexte de d\u00e9mocratisation, elle a besoin de formation, de s\u00e9lection et de responsabilisation. Beaucoup de pr\u00e9alables souvent occult\u00e9s \u00e0 cause de la mal gouvernance du recrutement et du favoritisme. Deux aspects qui plombent l\u2019orthodoxie dans nos administrations.<br \/>\nJedna DEIDA<\/p>\n","protected":false},"excerpt":{"rendered":"<p>Fallait-il qu\u2019un compatriote meurt dans des circonstances pour le moins louches dans un commissariat de police de la capitale pour qu\u2019enfin, du sommet \u00e0 la base, nous acceptions de regarder en face la partie hideuse de notre syst\u00e8me s\u00e9curitaire? Combien sont-ils morts, depuis l\u2019Independance \u00e0 nos jours, dans des circonstances similaires o\u00f9 les proches des &hellip;<\/p>\n","protected":false},"author":2,"featured_media":0,"comment_status":"open","ping_status":"open","sticky":false,"template":"","format":"standard","meta":{"footnotes":""},"categories":[18],"tags":[],"class_list":["post-4152","post","type-post","status-publish","format-standard","hentry","category-actualites"],"_links":{"self":[{"href":"https:\/\/ladepeche.mr\/index.php?rest_route=\/wp\/v2\/posts\/4152","targetHints":{"allow":["GET"]}}],"collection":[{"href":"https:\/\/ladepeche.mr\/index.php?rest_route=\/wp\/v2\/posts"}],"about":[{"href":"https:\/\/ladepeche.mr\/index.php?rest_route=\/wp\/v2\/types\/post"}],"author":[{"embeddable":true,"href":"https:\/\/ladepeche.mr\/index.php?rest_route=\/wp\/v2\/users\/2"}],"replies":[{"embeddable":true,"href":"https:\/\/ladepeche.mr\/index.php?rest_route=%2Fwp%2Fv2%2Fcomments&post=4152"}],"version-history":[{"count":3,"href":"https:\/\/ladepeche.mr\/index.php?rest_route=\/wp\/v2\/posts\/4152\/revisions"}],"predecessor-version":[{"id":4166,"href":"https:\/\/ladepeche.mr\/index.php?rest_route=\/wp\/v2\/posts\/4152\/revisions\/4166"}],"wp:attachment":[{"href":"https:\/\/ladepeche.mr\/index.php?rest_route=%2Fwp%2Fv2%2Fmedia&parent=4152"}],"wp:term":[{"taxonomy":"category","embeddable":true,"href":"https:\/\/ladepeche.mr\/index.php?rest_route=%2Fwp%2Fv2%2Fcategories&post=4152"},{"taxonomy":"post_tag","embeddable":true,"href":"https:\/\/ladepeche.mr\/index.php?rest_route=%2Fwp%2Fv2%2Ftags&post=4152"}],"curies":[{"name":"wp","href":"https:\/\/api.w.org\/{rel}","templated":true}]}}