{"id":4161,"date":"2023-02-12T10:42:18","date_gmt":"2023-02-12T10:42:18","guid":{"rendered":"https:\/\/ladepeche.mr\/?p=4161"},"modified":"2023-02-12T10:42:18","modified_gmt":"2023-02-12T10:42:18","slug":"declaration-de-condoleances-du-rfd-suite-au-deces-du-militant-des-droits-de-lhomme-soufi-ould-cheine","status":"publish","type":"post","link":"https:\/\/ladepeche.mr\/?p=4161","title":{"rendered":"D\u00e9claration de condol\u00e9ances du RFD suite au d\u00e9c\u00e8s du militant des droits de l&#8217;homme Soufi Ould Cheine"},"content":{"rendered":"<p>Nous avons appris, avec douleur et tristesse, la nouvelle du d\u00e9c\u00e8s du militant des droits humains Soufi Ould Cheine, dans des circonstances non encore \u00e9lucid\u00e9es, suite \u00e0 son arrestation au commissariat de police 2 de Dar Al-Naim.<br \/>\nFace \u00e0 ce triste et soudain \u00e9v\u00e8nement, le pr\u00e9sident, les militants et cadres du Rassemblement des Forces D\u00e9mocratiques :<br \/>\n&#8211;\tadressent leur condol\u00e9ances les plus attrist\u00e9es \u00e0 la famille du d\u00e9funt et \u00e0 ses proches, en implorant Allah le Tout-Puissant de l\u2019accepter en Son saint paradis et d\u2019insuffler \u00e0 ses proches patience et qui\u00e9tude ;<\/p>\n<p>&#8211;\tappelons les autorit\u00e9s \u00e0 acc\u00e9l\u00e9rer les proc\u00e9dures de l&#8217;enqu\u00eate annonc\u00e9e et \u00e0 veiller \u00e0 ce qu&#8217;elle soit transparente, juste et \u00e9quitable ;<\/p>\n<p>&#8211;\tr\u00e9clamons la stricte application de la loi dans le cas o\u00f9 il serait prouv\u00e9 que le d\u00e9funt a \u00e9t\u00e9 pris pour cible, tortur\u00e9 ou tu\u00e9 d\u00e9lib\u00e9r\u00e9ment ;<\/p>\n<p>&#8211;\texhortons l\u2019ensemble du peuple mauritanien \u00e0 s&#8217;inspirer des principes et id\u00e9es appelant \u00e0 l\u2019unit\u00e9 nationale et \u00e0 la coh\u00e9sion sociale, d\u00e9fendus, sans rel\u00e2che, par le d\u00e9funt, sa vie durant.<\/p>\n<p>Nouakchott, 20 Rajab 1444 \u2013 11 F\u00e9vrier 2023<\/p>\n<p>Rassemblement des Forces D\u00e9mocratiques<\/p>\n","protected":false},"excerpt":{"rendered":"<p>Nous avons appris, avec douleur et tristesse, la nouvelle du d\u00e9c\u00e8s du militant des droits humains Soufi Ould Cheine, dans des circonstances non encore \u00e9lucid\u00e9es, suite \u00e0 son arrestation au commissariat de police 2 de Dar Al-Naim. Face \u00e0 ce triste et soudain \u00e9v\u00e8nement, le pr\u00e9sident, les militants et cadres du Rassemblement des Forces D\u00e9mocratiques &hellip;<\/p>\n","protected":false},"author":2,"featured_media":0,"comment_status":"open","ping_status":"open","sticky":false,"template":"","format":"standard","meta":{"footnotes":""},"categories":[18,19],"tags":[],"class_list":["post-4161","post","type-post","status-publish","format-standard","hentry","category-actualites","category-tribune"],"_links":{"self":[{"href":"https:\/\/ladepeche.mr\/index.php?rest_route=\/wp\/v2\/posts\/4161","targetHints":{"allow":["GET"]}}],"collection":[{"href":"https:\/\/ladepeche.mr\/index.php?rest_route=\/wp\/v2\/posts"}],"about":[{"href":"https:\/\/ladepeche.mr\/index.php?rest_route=\/wp\/v2\/types\/post"}],"author":[{"embeddable":true,"href":"https:\/\/ladepeche.mr\/index.php?rest_route=\/wp\/v2\/users\/2"}],"replies":[{"embeddable":true,"href":"https:\/\/ladepeche.mr\/index.php?rest_route=%2Fwp%2Fv2%2Fcomments&post=4161"}],"version-history":[{"count":1,"href":"https:\/\/ladepeche.mr\/index.php?rest_route=\/wp\/v2\/posts\/4161\/revisions"}],"predecessor-version":[{"id":4162,"href":"https:\/\/ladepeche.mr\/index.php?rest_route=\/wp\/v2\/posts\/4161\/revisions\/4162"}],"wp:attachment":[{"href":"https:\/\/ladepeche.mr\/index.php?rest_route=%2Fwp%2Fv2%2Fmedia&parent=4161"}],"wp:term":[{"taxonomy":"category","embeddable":true,"href":"https:\/\/ladepeche.mr\/index.php?rest_route=%2Fwp%2Fv2%2Fcategories&post=4161"},{"taxonomy":"post_tag","embeddable":true,"href":"https:\/\/ladepeche.mr\/index.php?rest_route=%2Fwp%2Fv2%2Ftags&post=4161"}],"curies":[{"name":"wp","href":"https:\/\/api.w.org\/{rel}","templated":true}]}}