{"id":4163,"date":"2023-02-12T16:43:23","date_gmt":"2023-02-12T16:43:23","guid":{"rendered":"https:\/\/ladepeche.mr\/?p=4163"},"modified":"2023-02-12T16:43:23","modified_gmt":"2023-02-12T16:43:23","slug":"procureur-de-la-republique-nouakchott-nord-les-circonstances-du-deces-de-souvi-ould-jibril-seront-portees-devant-la-justice","status":"publish","type":"post","link":"https:\/\/ladepeche.mr\/?p=4163","title":{"rendered":"Procureur de la R\u00e9publique Nouakchott-Nord : \u00ab Les circonstances du d\u00e9c\u00e8s de Souvi Ould Jibril seront port\u00e9es devant la justice \u00bb"},"content":{"rendered":"<p>Le procureur de la R\u00e9publique au niveau de la wilaya de Nouakchott-Nord, M. Mohamed Lemine Barry Moctar Fall, a d\u00e9clar\u00e9, lors d\u2019un point presse ce dimanche soir, \u00e0 l\u2019h\u00f4pital Cheikh Zayed de Nouakchott, que l\u2019autopsie de feu Souvi Ould Jibril a r\u00e9v\u00e9l\u00e9 ce qui pourrait \u00eatre consid\u00e9r\u00e9 comme une cause de d\u00e9c\u00e8s et que le minist\u00e8re public a ordonn\u00e9, en cons\u00e9quence, la constitution d\u2019une commission pour superviser l\u2019enqu\u00eate pr\u00e9liminaire sur cet incident et en pr\u00e9senter les conclusions \u00e0 la justice pour la prise des mesures l\u00e9gales et judiciaires qui en d\u00e9coulent.<\/p>\n<p>Il a ajout\u00e9 que le parquet g\u00e9n\u00e9ral a ordonn\u00e9 \u00e9galement l\u2019arrestation de l\u2019ensemble des \u00e9l\u00e9ments de la police qui se trouvaient la nuit de l\u2019incident dans le commissariat de police N\u00b02 Darna\u00efm, en plus du commissaire de police de ce commissariat.<\/p>\n<p>Voici le texte de la d\u00e9claration du procureur de la R\u00e9publique :<\/p>\n<p>\u00ab Au nom d\u2019Allah, le Tr\u00e8s Mis\u00e9ricordieux, le Tr\u00e8s Mis\u00e9ricordieux, et que les b\u00e9n\u00e9dictions d\u2019Allah soient sur Son Noble Proph\u00e8te<\/p>\n<p>L\u2019enqu\u00eate p\u00e9nale men\u00e9e il y a pr\u00e8s de deux jours sur le crime survenu au commissariat de police n\u00b02 de Darna\u00efm et dont la victime \u00e9tait feu Souvi Ould Jibril, a donn\u00e9 lieu \u00e0 plusieurs investigations depuis le d\u00e9but de l\u2019incident jusqu\u2019\u00e0 aujourd\u2019hui, et dont la derni\u00e8re a \u00e9t\u00e9 l\u2019autopsie men\u00e9e ce soir par une \u00e9quipe m\u00e9dicale des meilleurs m\u00e9decins du pays, compos\u00e9e d\u2019un superviseur g\u00e9n\u00e9ral, d\u2019un m\u00e9decin sp\u00e9cialis\u00e9 en maladies internes et de trois m\u00e9decins l\u00e9gistes.<\/p>\n<p>Cette autopsie a r\u00e9v\u00e9l\u00e9 ce qui pouvait \u00eatre consid\u00e9r\u00e9 comme une cause de d\u00e9c\u00e8s sous deux aspects : le premier aspect, la pr\u00e9sence d\u2019une fracture de deux vert\u00e8bres au niveau du cou pouvant \u00eatre, \u00e0 elle seule, une cause de d\u00e9c\u00e8s et les effets d\u2019une suffocation entra\u00eenant un essoufflement, qui peut, \u00e0 elle seule aussi, conduire \u00e0 la mort.<\/p>\n<p>A ceci s\u2019ajoutent d\u2019autres questions et d\u00e9tails qui, si Allah le veut, seront utiles lorsque le rapport sera finalis\u00e9 et pr\u00eat \u00e0 \u00eatre partag\u00e9, et vous en serez inform\u00e9.<\/p>\n<p>Ainsi, sur la base de cette autopsie, le parquet g\u00e9n\u00e9ral a ordonn\u00e9 la constitution d\u2019une commission charg\u00e9e de superviser l\u2019enqu\u00eate sur l\u2019incident. Cette commission pr\u00e9sid\u00e9 par le procureur de la R\u00e9publique pr\u00e8s la Cour d\u2019Appel est compos\u00e9e par l\u2019un de ses adjoints, en plus du procureur de la R\u00e9publique de Nouakchott Nord, de l\u2019adjoint de ce dernier et d\u2019officiers de la police nationale de la Direction G\u00e9n\u00e9rale de la S\u00fbret\u00e9 Nationale. Cette enqu\u00eate sera pr\u00eate, si Dieu le veut, dans les prochains jours.<\/p>\n<p>Je vous remercie et que la paix, la mis\u00e9ricorde et les b\u00e9n\u00e9dictions d\u2019Allah soient sur vous \u00bb.<\/p>\n<p>Ami<\/p>\n","protected":false},"excerpt":{"rendered":"<p>Le procureur de la R\u00e9publique au niveau de la wilaya de Nouakchott-Nord, M. Mohamed Lemine Barry Moctar Fall, a d\u00e9clar\u00e9, lors d\u2019un point presse ce dimanche soir, \u00e0 l\u2019h\u00f4pital Cheikh Zayed de Nouakchott, que l\u2019autopsie de feu Souvi Ould Jibril a r\u00e9v\u00e9l\u00e9 ce qui pourrait \u00eatre consid\u00e9r\u00e9 comme une cause de d\u00e9c\u00e8s et que le &hellip;<\/p>\n","protected":false},"author":2,"featured_media":4164,"comment_status":"open","ping_status":"open","sticky":false,"template":"","format":"standard","meta":{"footnotes":""},"categories":[18],"tags":[],"class_list":["post-4163","post","type-post","status-publish","format-standard","has-post-thumbnail","hentry","category-actualites"],"_links":{"self":[{"href":"https:\/\/ladepeche.mr\/index.php?rest_route=\/wp\/v2\/posts\/4163","targetHints":{"allow":["GET"]}}],"collection":[{"href":"https:\/\/ladepeche.mr\/index.php?rest_route=\/wp\/v2\/posts"}],"about":[{"href":"https:\/\/ladepeche.mr\/index.php?rest_route=\/wp\/v2\/types\/post"}],"author":[{"embeddable":true,"href":"https:\/\/ladepeche.mr\/index.php?rest_route=\/wp\/v2\/users\/2"}],"replies":[{"embeddable":true,"href":"https:\/\/ladepeche.mr\/index.php?rest_route=%2Fwp%2Fv2%2Fcomments&post=4163"}],"version-history":[{"count":1,"href":"https:\/\/ladepeche.mr\/index.php?rest_route=\/wp\/v2\/posts\/4163\/revisions"}],"predecessor-version":[{"id":4165,"href":"https:\/\/ladepeche.mr\/index.php?rest_route=\/wp\/v2\/posts\/4163\/revisions\/4165"}],"wp:featuredmedia":[{"embeddable":true,"href":"https:\/\/ladepeche.mr\/index.php?rest_route=\/wp\/v2\/media\/4164"}],"wp:attachment":[{"href":"https:\/\/ladepeche.mr\/index.php?rest_route=%2Fwp%2Fv2%2Fmedia&parent=4163"}],"wp:term":[{"taxonomy":"category","embeddable":true,"href":"https:\/\/ladepeche.mr\/index.php?rest_route=%2Fwp%2Fv2%2Fcategories&post=4163"},{"taxonomy":"post_tag","embeddable":true,"href":"https:\/\/ladepeche.mr\/index.php?rest_route=%2Fwp%2Fv2%2Ftags&post=4163"}],"curies":[{"name":"wp","href":"https:\/\/api.w.org\/{rel}","templated":true}]}}