{"id":4167,"date":"2023-02-12T18:41:14","date_gmt":"2023-02-12T18:41:14","guid":{"rendered":"https:\/\/ladepeche.mr\/?p=4167"},"modified":"2023-02-12T19:12:23","modified_gmt":"2023-02-12T19:12:23","slug":"nation-mariem-daddah-nest-plus","status":"publish","type":"post","link":"https:\/\/ladepeche.mr\/?p=4167","title":{"rendered":"Nation: Mariem Daddah n\u2019est plus"},"content":{"rendered":"<p>Mariam Daddah, la premi\u00e8re des Premi\u00e8res Dames, celle avec laquelle la naissance du pays se confond, nous a quitt\u00e9s. Celle que l\u2019on peut consid\u00e9rer, \u00e0 juste titre, M\u00e8re de la Nation, pour avoir pris part \u00e0 toute sa gen\u00e8se, va rejoindra au Paradis s\u2019il pla\u00eet \u00e0 Allah, Le Mis\u00e9ricordieux, son d\u00e9funt mari et complice, Me Mokhtar Ould Daddah, d\u00e9c\u00e9d\u00e9 le 15 octobre 2003 \u00e0 Paris.<br \/>\nMariam Daddah, t\u00e9moin privil\u00e9gi\u00e9e de la cr\u00e9ation de la Mauritanie, depuis qu\u2019elle a foul\u00e9 ses dunes en 1959, a \u00e9t\u00e9 de tous les combats politiques de son d\u00e9funt mari pour \u00e9riger \u00abcontre vents et mar\u00e9es\u00bb la Nation mauritanienne.<br \/>\nAu c\u0153ur de ce combat politique dont elle \u00e0 appuy\u00e9 celui de l\u2019\u00e9mancipation des femmes, Mariam Daddah se confond \u00e0 cette p\u00e9riode o\u00f9 tr\u00e8s peu de gens pariaient sur l\u2019\u00e9mergence du fond des dunes de sable le pays qui est aujourd\u2019hui le n\u00f4tre. Mariam, elle, a vu \u00e9clore, une \u00e0 une, ses premi\u00e8res demeures sorties du n\u00e9ant. Comme son d\u00e9funt mari, Mariam avait le r\u00eave tout aussi tenace qu\u2019 \u00abensembles, nous construisons la Nation\u00a0Mauritanienne\u00a0\u00bb. Le  seul slogan qui malgr\u00e9 le temps et les intemp\u00e9ries politiques a travers\u00e9 les \u00e2ges, de g\u00e9n\u00e9ration en g\u00e9n\u00e9ration. Nos condol\u00e9ances vont \u00e0 son entourage, \u00e0 toute la Mauritanie qui y perd une militante historique inv\u00e9t\u00e9r\u00e9e.<br \/>\nIna lilahi we ina ileyhi rajioun.<\/p>\n","protected":false},"excerpt":{"rendered":"<p>Mariam Daddah, la premi\u00e8re des Premi\u00e8res Dames, celle avec laquelle la naissance du pays se confond, nous a quitt\u00e9s. Celle que l\u2019on peut consid\u00e9rer, \u00e0 juste titre, M\u00e8re de la Nation, pour avoir pris part \u00e0 toute sa gen\u00e8se, va rejoindra au Paradis s\u2019il pla\u00eet \u00e0 Allah, Le Mis\u00e9ricordieux, son d\u00e9funt mari et complice, Me &hellip;<\/p>\n","protected":false},"author":2,"featured_media":4171,"comment_status":"open","ping_status":"open","sticky":false,"template":"","format":"standard","meta":{"footnotes":""},"categories":[18,1],"tags":[],"class_list":["post-4167","post","type-post","status-publish","format-standard","has-post-thumbnail","hentry","category-actualites","category-uncategorized"],"_links":{"self":[{"href":"https:\/\/ladepeche.mr\/index.php?rest_route=\/wp\/v2\/posts\/4167","targetHints":{"allow":["GET"]}}],"collection":[{"href":"https:\/\/ladepeche.mr\/index.php?rest_route=\/wp\/v2\/posts"}],"about":[{"href":"https:\/\/ladepeche.mr\/index.php?rest_route=\/wp\/v2\/types\/post"}],"author":[{"embeddable":true,"href":"https:\/\/ladepeche.mr\/index.php?rest_route=\/wp\/v2\/users\/2"}],"replies":[{"embeddable":true,"href":"https:\/\/ladepeche.mr\/index.php?rest_route=%2Fwp%2Fv2%2Fcomments&post=4167"}],"version-history":[{"count":4,"href":"https:\/\/ladepeche.mr\/index.php?rest_route=\/wp\/v2\/posts\/4167\/revisions"}],"predecessor-version":[{"id":4174,"href":"https:\/\/ladepeche.mr\/index.php?rest_route=\/wp\/v2\/posts\/4167\/revisions\/4174"}],"wp:featuredmedia":[{"embeddable":true,"href":"https:\/\/ladepeche.mr\/index.php?rest_route=\/wp\/v2\/media\/4171"}],"wp:attachment":[{"href":"https:\/\/ladepeche.mr\/index.php?rest_route=%2Fwp%2Fv2%2Fmedia&parent=4167"}],"wp:term":[{"taxonomy":"category","embeddable":true,"href":"https:\/\/ladepeche.mr\/index.php?rest_route=%2Fwp%2Fv2%2Fcategories&post=4167"},{"taxonomy":"post_tag","embeddable":true,"href":"https:\/\/ladepeche.mr\/index.php?rest_route=%2Fwp%2Fv2%2Ftags&post=4167"}],"curies":[{"name":"wp","href":"https:\/\/api.w.org\/{rel}","templated":true}]}}