{"id":4175,"date":"2023-02-13T18:42:41","date_gmt":"2023-02-13T18:42:41","guid":{"rendered":"https:\/\/ladepeche.mr\/?p=4175"},"modified":"2023-02-13T18:48:52","modified_gmt":"2023-02-13T18:48:52","slug":"proces-de-lancien-president-le-conseil-constitutionnel-invite-a-se-prononcer-sur-une-exception-de-constitutionnalite","status":"publish","type":"post","link":"https:\/\/ladepeche.mr\/?p=4175","title":{"rendered":"Proc\u00e8s de l\u2019ancien pr\u00e9sident: Le conseil constitutionnel invit\u00e9 \u00e0 se prononcer sur une exception de constitutionnalit\u00e9"},"content":{"rendered":"<p>Le collectif de d\u00e9fense de l\u2019Etat, partie civile au proc\u00e8s devant la cour criminelle de l\u2019ex-pr\u00e9sident, a r\u00e9v\u00e9l\u00e9 lundi, lors d\u2019une conf\u00e9rence de presse, que le proc\u00e8s en cours a \u00e9t\u00e9 ajourn\u00e9 en attendant que le conseil constitutionnel statue sur une exception de constitutionnalit\u00e9 soulev\u00e9e par les avocats de l\u2019ancien pr\u00e9sident Aziz.<br \/>\nSelon les avocats de la partie civile, qui ont lu un communiqu\u00e9 pour faire le point du d\u00e9veloppement du proc\u00e8s, la d\u00e9fense du pr\u00e9sident Aziz chercherait encore \u00e0 gagner du temps pour reculer le plus possible le moment \u00ab\u00a0inexorable\u00a0\u00bb pour son client pour faire face \u00e0 l\u2019accusation d\u2019enrichissement illicite.<br \/>\nLe collectif des avocats de l\u2019Etat, dit par ailleurs, comprendre la motivation de la cour en renvoyant la question devant le conseil constitutionnel pour garantir tous les droits des accus\u00e9s.<br \/>\nLa partie civile dit, cependant, s\u2019\u00e9tonner face \u00e0 ce recours de la d\u00e9fense de Aziz contre une loi que l\u2019ancien pr\u00e9sident aurait lui-m\u00eame promulgu\u00e9e.<br \/>\nDepuis le 25 janvier 2023. date d\u2019ouverture du proc\u00e8s de l\u2019ancien pr\u00e9sident, en m\u00eame temps qu\u2019une dizaine d\u2019autres personnalit\u00e9s, les deux parties se livrent une guerre proc\u00e9durale acharn\u00e9e.<br \/>\nNotons enfin qu\u2019en raison de ce recours pour exception de constitutionnalit\u00e9, le conseil constitutionnel a 15 jours pour rendre son verdict.<\/p>\n","protected":false},"excerpt":{"rendered":"<p>Le collectif de d\u00e9fense de l\u2019Etat, partie civile au proc\u00e8s devant la cour criminelle de l\u2019ex-pr\u00e9sident, a r\u00e9v\u00e9l\u00e9 lundi, lors d\u2019une conf\u00e9rence de presse, que le proc\u00e8s en cours a \u00e9t\u00e9 ajourn\u00e9 en attendant que le conseil constitutionnel statue sur une exception de constitutionnalit\u00e9 soulev\u00e9e par les avocats de l\u2019ancien pr\u00e9sident Aziz. Selon les avocats &hellip;<\/p>\n","protected":false},"author":2,"featured_media":4177,"comment_status":"open","ping_status":"open","sticky":false,"template":"","format":"standard","meta":{"footnotes":""},"categories":[18,1],"tags":[],"class_list":["post-4175","post","type-post","status-publish","format-standard","has-post-thumbnail","hentry","category-actualites","category-uncategorized"],"_links":{"self":[{"href":"https:\/\/ladepeche.mr\/index.php?rest_route=\/wp\/v2\/posts\/4175","targetHints":{"allow":["GET"]}}],"collection":[{"href":"https:\/\/ladepeche.mr\/index.php?rest_route=\/wp\/v2\/posts"}],"about":[{"href":"https:\/\/ladepeche.mr\/index.php?rest_route=\/wp\/v2\/types\/post"}],"author":[{"embeddable":true,"href":"https:\/\/ladepeche.mr\/index.php?rest_route=\/wp\/v2\/users\/2"}],"replies":[{"embeddable":true,"href":"https:\/\/ladepeche.mr\/index.php?rest_route=%2Fwp%2Fv2%2Fcomments&post=4175"}],"version-history":[{"count":6,"href":"https:\/\/ladepeche.mr\/index.php?rest_route=\/wp\/v2\/posts\/4175\/revisions"}],"predecessor-version":[{"id":4182,"href":"https:\/\/ladepeche.mr\/index.php?rest_route=\/wp\/v2\/posts\/4175\/revisions\/4182"}],"wp:featuredmedia":[{"embeddable":true,"href":"https:\/\/ladepeche.mr\/index.php?rest_route=\/wp\/v2\/media\/4177"}],"wp:attachment":[{"href":"https:\/\/ladepeche.mr\/index.php?rest_route=%2Fwp%2Fv2%2Fmedia&parent=4175"}],"wp:term":[{"taxonomy":"category","embeddable":true,"href":"https:\/\/ladepeche.mr\/index.php?rest_route=%2Fwp%2Fv2%2Fcategories&post=4175"},{"taxonomy":"post_tag","embeddable":true,"href":"https:\/\/ladepeche.mr\/index.php?rest_route=%2Fwp%2Fv2%2Ftags&post=4175"}],"curies":[{"name":"wp","href":"https:\/\/api.w.org\/{rel}","templated":true}]}}