{"id":4183,"date":"2023-02-14T18:40:03","date_gmt":"2023-02-14T18:40:03","guid":{"rendered":"https:\/\/ladepeche.mr\/?p=4183"},"modified":"2023-02-14T18:58:14","modified_gmt":"2023-02-14T18:58:14","slug":"4183","status":"publish","type":"post","link":"https:\/\/ladepeche.mr\/?p=4183","title":{"rendered":"Des milliers de Nouakchottois accompagnent la d\u00e9pouille de Souvi Ould Chein"},"content":{"rendered":"<p>L\u2019image de la communion des mauritaniens marchant  derri\u00e8re la d\u00e9pouille de Souvi Ould Chein, pour la pri\u00e8re de l\u2019Adieu, montre si besoin \u00e9tait la compassion partag\u00e9e en ces moments difficiles. C\u2019est aussi la preuve que les mauritaniens r\u00e9prouvent la violence et le traitement inhumains qui lui ont \u00e9t\u00e9 administr\u00e9s.<br \/>\nC\u2019est enfin une mar\u00e9e humaine qui est venue pour la pri\u00e8re cette apr\u00e8s-midi comme pour rappeler que feu Souvi Ould Chein, unit les mauritaniens aussi bien de son vivant qu\u2019apr sa mort.<br \/>\nQu\u2019Allah agr\u00e9e le d\u00e9funt en Son Saint Paradis. <\/p>\n","protected":false},"excerpt":{"rendered":"<p>L\u2019image de la communion des mauritaniens marchant derri\u00e8re la d\u00e9pouille de Souvi Ould Chein, pour la pri\u00e8re de l\u2019Adieu, montre si besoin \u00e9tait la compassion partag\u00e9e en ces moments difficiles. C\u2019est aussi la preuve que les mauritaniens r\u00e9prouvent la violence et le traitement inhumains qui lui ont \u00e9t\u00e9 administr\u00e9s. C\u2019est enfin une mar\u00e9e humaine qui &hellip;<\/p>\n","protected":false},"author":2,"featured_media":4184,"comment_status":"open","ping_status":"open","sticky":false,"template":"","format":"standard","meta":{"footnotes":""},"categories":[18,1],"tags":[],"class_list":["post-4183","post","type-post","status-publish","format-standard","has-post-thumbnail","hentry","category-actualites","category-uncategorized"],"_links":{"self":[{"href":"https:\/\/ladepeche.mr\/index.php?rest_route=\/wp\/v2\/posts\/4183","targetHints":{"allow":["GET"]}}],"collection":[{"href":"https:\/\/ladepeche.mr\/index.php?rest_route=\/wp\/v2\/posts"}],"about":[{"href":"https:\/\/ladepeche.mr\/index.php?rest_route=\/wp\/v2\/types\/post"}],"author":[{"embeddable":true,"href":"https:\/\/ladepeche.mr\/index.php?rest_route=\/wp\/v2\/users\/2"}],"replies":[{"embeddable":true,"href":"https:\/\/ladepeche.mr\/index.php?rest_route=%2Fwp%2Fv2%2Fcomments&post=4183"}],"version-history":[{"count":4,"href":"https:\/\/ladepeche.mr\/index.php?rest_route=\/wp\/v2\/posts\/4183\/revisions"}],"predecessor-version":[{"id":4189,"href":"https:\/\/ladepeche.mr\/index.php?rest_route=\/wp\/v2\/posts\/4183\/revisions\/4189"}],"wp:featuredmedia":[{"embeddable":true,"href":"https:\/\/ladepeche.mr\/index.php?rest_route=\/wp\/v2\/media\/4184"}],"wp:attachment":[{"href":"https:\/\/ladepeche.mr\/index.php?rest_route=%2Fwp%2Fv2%2Fmedia&parent=4183"}],"wp:term":[{"taxonomy":"category","embeddable":true,"href":"https:\/\/ladepeche.mr\/index.php?rest_route=%2Fwp%2Fv2%2Fcategories&post=4183"},{"taxonomy":"post_tag","embeddable":true,"href":"https:\/\/ladepeche.mr\/index.php?rest_route=%2Fwp%2Fv2%2Ftags&post=4183"}],"curies":[{"name":"wp","href":"https:\/\/api.w.org\/{rel}","templated":true}]}}