{"id":4192,"date":"2023-02-15T13:24:04","date_gmt":"2023-02-15T13:24:04","guid":{"rendered":"https:\/\/ladepeche.mr\/?p=4192"},"modified":"2023-02-15T14:21:01","modified_gmt":"2023-02-15T14:21:01","slug":"les-avoirs-de-lancien-president-lui-proviennent-dun-dirigeant-arabe-avocate","status":"publish","type":"post","link":"https:\/\/ladepeche.mr\/?p=4192","title":{"rendered":"Les avoirs de l\u2019ancien pr\u00e9sident lui proviennent d\u2019un dirigeant arabe (avocate)"},"content":{"rendered":"<p>Mohamed Abdel Aziz a d\u00e9cid\u00e9, si l\u2019on en croit son avocate, de lever un coin du voile sur l\u2019or son patrimoine financier.<br \/>\nL\u2019ancien pr\u00e9sident, MOHAMED Ould Abdel Aziz, a d\u00e9clar\u00e9, selon son avocate, que l\u2019essentiel de sa fortune proviendrait des largesses d\u2019un dirigeant arabe.<br \/>\nLa d\u00e9claration de l\u2019ancien pr\u00e9sident est reproduite sur la page Facebook de son avocate, Sandrela Mehrej.<br \/>\nPoursuivi pour malversations financi\u00e8res, blanchiment et abus de biens publics, l\u2019ancien pr\u00e9sident est depuis le 25 janvier 2023 au box des accus\u00e9s d\u2019un proc\u00e8s public.<br \/>\nApr\u00e8s plusieurs jours de disputes proc\u00e9durales entre ses avocats, qui ont soulev\u00e9 une exception de constitutionnalit\u00e9, et ceux de l\u2019Etat, la Cour criminelle a renvoy\u00e9 le dossier devant le conseil constitutionnel pour statuer sur ses comp\u00e9tences ou non de conna\u00eetre de ce dossier.<\/p>\n","protected":false},"excerpt":{"rendered":"<p>Mohamed Abdel Aziz a d\u00e9cid\u00e9, si l\u2019on en croit son avocate, de lever un coin du voile sur l\u2019or son patrimoine financier. L\u2019ancien pr\u00e9sident, MOHAMED Ould Abdel Aziz, a d\u00e9clar\u00e9, selon son avocate, que l\u2019essentiel de sa fortune proviendrait des largesses d\u2019un dirigeant arabe. La d\u00e9claration de l\u2019ancien pr\u00e9sident est reproduite sur la page Facebook &hellip;<\/p>\n","protected":false},"author":2,"featured_media":4194,"comment_status":"open","ping_status":"open","sticky":false,"template":"","format":"standard","meta":{"footnotes":""},"categories":[18,1],"tags":[],"class_list":["post-4192","post","type-post","status-publish","format-standard","has-post-thumbnail","hentry","category-actualites","category-uncategorized"],"_links":{"self":[{"href":"https:\/\/ladepeche.mr\/index.php?rest_route=\/wp\/v2\/posts\/4192","targetHints":{"allow":["GET"]}}],"collection":[{"href":"https:\/\/ladepeche.mr\/index.php?rest_route=\/wp\/v2\/posts"}],"about":[{"href":"https:\/\/ladepeche.mr\/index.php?rest_route=\/wp\/v2\/types\/post"}],"author":[{"embeddable":true,"href":"https:\/\/ladepeche.mr\/index.php?rest_route=\/wp\/v2\/users\/2"}],"replies":[{"embeddable":true,"href":"https:\/\/ladepeche.mr\/index.php?rest_route=%2Fwp%2Fv2%2Fcomments&post=4192"}],"version-history":[{"count":2,"href":"https:\/\/ladepeche.mr\/index.php?rest_route=\/wp\/v2\/posts\/4192\/revisions"}],"predecessor-version":[{"id":4195,"href":"https:\/\/ladepeche.mr\/index.php?rest_route=\/wp\/v2\/posts\/4192\/revisions\/4195"}],"wp:featuredmedia":[{"embeddable":true,"href":"https:\/\/ladepeche.mr\/index.php?rest_route=\/wp\/v2\/media\/4194"}],"wp:attachment":[{"href":"https:\/\/ladepeche.mr\/index.php?rest_route=%2Fwp%2Fv2%2Fmedia&parent=4192"}],"wp:term":[{"taxonomy":"category","embeddable":true,"href":"https:\/\/ladepeche.mr\/index.php?rest_route=%2Fwp%2Fv2%2Fcategories&post=4192"},{"taxonomy":"post_tag","embeddable":true,"href":"https:\/\/ladepeche.mr\/index.php?rest_route=%2Fwp%2Fv2%2Ftags&post=4192"}],"curies":[{"name":"wp","href":"https:\/\/api.w.org\/{rel}","templated":true}]}}