{"id":4197,"date":"2023-02-15T16:14:12","date_gmt":"2023-02-15T16:14:12","guid":{"rendered":"https:\/\/ladepeche.mr\/?p=4197"},"modified":"2023-02-15T21:49:11","modified_gmt":"2023-02-15T21:49:11","slug":"meurtre-de-souvi-ould-chein-qui-cherche-a-en-accabler-le-dgsn","status":"publish","type":"post","link":"https:\/\/ladepeche.mr\/?p=4197","title":{"rendered":"Meurtre de Souvi Ould Chein: Qui cherche \u00e0 en accabler le DGSN?"},"content":{"rendered":"<p>Les circonstances obscures de la disparition de feu Souvi Ould Chein, le 9 f\u00e9vrier au commissariat de police Dar Naim 2, ont r\u00e9veill\u00e9 au-del\u00e0 de l\u2019\u00e9moi suscit\u00e9 par ce tragique \u00e9v\u00e9nement, une tentative d\u2019en faire endosser la responsabilit\u00e9 au DGSN, Mesgharou Ould Ghoueizi.<br \/>\nSur le fond comme sur la forme, des r\u00e9serves objectives s\u2019imposent quant au d\u00e9sir de certains d\u2019\u00e9tablir des relations de causalit\u00e9 entre la bavure polici\u00e8re et la pr\u00e9sence du DGSN, comme patron de la police.<br \/>\nLa premi\u00e8re des curiosit\u00e9s semble la citation du DGSN alors qu\u2019aucune enqu\u00eate n\u2019avait \u00e9t\u00e9 encore ouverte et qu\u2019aucun fait \u00e9tabli ne corroborait les assertions \u00ab\u00e0 chaud\u00a0\u00bb contre l\u2019homme. L\u2019acharnement contre sa personne et le d\u00e9lit de parent\u00e9 dont on l\u2019afflige pour \u00eatre g\u00e9niteur d\u2019un adolescent  qui s\u2019il est \u00e9tabli \u00eatre son fils, ne justifie nullement de s\u2019en prendre \u00e0 lui. La vindicte verbale qui d\u00e9verse une haine et le mobile l\u00e9ger -pour ne pas dire saugrenu- invoqu\u00e9 alors que les Nouakchottois entouraient encore le commissariat en question prouvent que quelqu\u2019un a d\u00e9lib\u00e9r\u00e9ment voulu lier le nom du DGSN et sa famille avec cette rocambolesque bavure dont l\u2019int\u00e9ress\u00e9 \u00e9tait, sans doute, loin de se douter. Les plus fantaisistes parmi les accusateurs fomentent m\u00eame \u00ab\u00a0une th\u00e8se\u00a0\u00bb d\u2019une \u00abtentative d\u2019intimidation qui a mal tourn\u00e9\u00a0\u00bb. Quel \u00e9tait le mobile accord\u00e9 par ces supputations malveillantes \u00e0 Mesgharou? Prot\u00e9ger la candidature de son fils? Un non sens inou\u00ef. Personne \u00e0 posteriori n\u2019y croit un instant. Mais les tentatives de manipulation s\u2019ing\u00e9nient pour tenter d\u2019expliquer par l\u2019appel du ministre de la sant\u00e9 par le pr\u00e9sident Ghazouani pour clarifier les circonstances du d\u00e9c\u00e8s de feu Souvi Ould Chein, comme \u00ab\u00a0une preuve\u00a0\u00bb dans ce sens.<br \/>\nS\u2019il faut se f\u00e9liciter de la c\u00e9l\u00e9rit\u00e9 avec laquelle l\u2019enqu\u00eate a \u00e9t\u00e9 entam\u00e9e, et de l\u2019implication personnelle du Chef de l\u2019Etat pour lui imprimer une telle cadence, il faudra aussi rappeler que ceux qui cherchent \u00e0 accabler le DGSN, pour des raisons subjectives n\u2019aident en rien \u00e0 l\u2019\u00e9closion de la v\u00e9rit\u00e9 et dispersent l\u2019opinion. Peut-\u00eatre que c\u2019est cela la raison premi\u00e8re d\u2019accusations sans fondement irr\u00e9futable pr\u00e9sent\u00e9 contre un homme et sa famille.<br \/>\nSi nous ne connaissons pas les figures qui derri\u00e8re les rideaux agitent les marionnettes, gageons que Mesgharou lui-m\u00eame se doute de qui il s\u2019agit.<br \/>\nJD<\/p>\n","protected":false},"excerpt":{"rendered":"<p>Les circonstances obscures de la disparition de feu Souvi Ould Chein, le 9 f\u00e9vrier au commissariat de police Dar Naim 2, ont r\u00e9veill\u00e9 au-del\u00e0 de l\u2019\u00e9moi suscit\u00e9 par ce tragique \u00e9v\u00e9nement, une tentative d\u2019en faire endosser la responsabilit\u00e9 au DGSN, Mesgharou Ould Ghoueizi. Sur le fond comme sur la forme, des r\u00e9serves objectives s\u2019imposent quant &hellip;<\/p>\n","protected":false},"author":2,"featured_media":4199,"comment_status":"open","ping_status":"open","sticky":false,"template":"","format":"standard","meta":{"footnotes":""},"categories":[18],"tags":[],"class_list":["post-4197","post","type-post","status-publish","format-standard","has-post-thumbnail","hentry","category-actualites"],"_links":{"self":[{"href":"https:\/\/ladepeche.mr\/index.php?rest_route=\/wp\/v2\/posts\/4197","targetHints":{"allow":["GET"]}}],"collection":[{"href":"https:\/\/ladepeche.mr\/index.php?rest_route=\/wp\/v2\/posts"}],"about":[{"href":"https:\/\/ladepeche.mr\/index.php?rest_route=\/wp\/v2\/types\/post"}],"author":[{"embeddable":true,"href":"https:\/\/ladepeche.mr\/index.php?rest_route=\/wp\/v2\/users\/2"}],"replies":[{"embeddable":true,"href":"https:\/\/ladepeche.mr\/index.php?rest_route=%2Fwp%2Fv2%2Fcomments&post=4197"}],"version-history":[{"count":4,"href":"https:\/\/ladepeche.mr\/index.php?rest_route=\/wp\/v2\/posts\/4197\/revisions"}],"predecessor-version":[{"id":4204,"href":"https:\/\/ladepeche.mr\/index.php?rest_route=\/wp\/v2\/posts\/4197\/revisions\/4204"}],"wp:featuredmedia":[{"embeddable":true,"href":"https:\/\/ladepeche.mr\/index.php?rest_route=\/wp\/v2\/media\/4199"}],"wp:attachment":[{"href":"https:\/\/ladepeche.mr\/index.php?rest_route=%2Fwp%2Fv2%2Fmedia&parent=4197"}],"wp:term":[{"taxonomy":"category","embeddable":true,"href":"https:\/\/ladepeche.mr\/index.php?rest_route=%2Fwp%2Fv2%2Fcategories&post=4197"},{"taxonomy":"post_tag","embeddable":true,"href":"https:\/\/ladepeche.mr\/index.php?rest_route=%2Fwp%2Fv2%2Ftags&post=4197"}],"curies":[{"name":"wp","href":"https:\/\/api.w.org\/{rel}","templated":true}]}}