{"id":4200,"date":"2023-02-15T19:50:00","date_gmt":"2023-02-15T19:50:00","guid":{"rendered":"https:\/\/ladepeche.mr\/?p=4200"},"modified":"2023-02-15T19:50:00","modified_gmt":"2023-02-15T19:50:00","slug":"communique-du-conseil-des-ministres-du-mercredi-15-fevrier-2023","status":"publish","type":"post","link":"https:\/\/ladepeche.mr\/?p=4200","title":{"rendered":"Communiqu\u00e9 du Conseil des Ministres du mercredi 15 f\u00e9vrier 2023"},"content":{"rendered":"<p>Le Conseil des Ministres s\u2019est r\u00e9uni, mercredi 15 f\u00e9vrier 2023, sous la pr\u00e9sidence de Son Excellence Monsieur le Pr\u00e9sident de la R\u00e9publique, Mohamed Ould Cheikh El-Ghazouani.<\/p>\n<p>Le Conseil a examin\u00e9 et adopt\u00e9 les projets de d\u00e9crets suivants :<\/p>\n<p>\u2010 Projet de d\u00e9cret portant modification de certaines dispositions du d\u00e9cret n\u00b02018-157 du 19 novembre 2018, portant application des dispositions de la loi n\u00b02018-040 du 13 novembre 2018, portant Code de l\u2019Aviation Civile.<\/p>\n<p>Ce projet de d\u00e9cret, qui s\u2019inscrit dans le cadre du processus de r\u00e9vision continue de la r\u00e9glementation r\u00e9gissant de l\u2019aviation civile dans notre pays, afin de l\u2019adapter \u00e0 l\u2019\u00e9volution des normes et pratiques recommand\u00e9es de la Convention de Chicago du 07 d\u00e9cembre 1944 relative \u00e0 l\u2019aviation civile, permettra de mettre \u00e0 jour certaines dispositions du d\u00e9cret n\u00b02018-157, de r\u00e9pondre de mani\u00e8re satisfaisante \u00e0 certaines questions des protocoles d\u2019audit de l\u2019Organisation de l\u2019aviation Civile Internationale (OACI) et de r\u00e9gulariser la situation de certains op\u00e9rateurs d\u2019assistance en escale, actuellement en activit\u00e9.<\/p>\n<p>\u2010 Projet de d\u00e9cret portant nomination du Pr\u00e9sident du Conseil d\u2019Administration de l\u2019Office du Complexe Olympique.<\/p>\n<p>Le Ministre de la Justice, Ministre des Affaires Etrang\u00e8res, de la Coop\u00e9ration et des Mauritaniens de l\u2019Ext\u00e9rieur par Int\u00e9rim a pr\u00e9sent\u00e9 une communication relative \u00e0 la situation internationale.<\/p>\n<p>Le Ministre de la D\u00e9fense Nationale, Ministre de l\u2019Int\u00e9rieur et de la D\u00e9centralisation par Int\u00e9rim a pr\u00e9sent\u00e9 une communication relative \u00e0 la situation int\u00e9rieure.<\/p>\n<p>Le Ministre du P\u00e9trole, des Mines et de l\u2019Energie a pr\u00e9sent\u00e9 les deux communications suivantes :<\/p>\n<p>\u2010 Communication relative \u00e0 l\u2019autorisation de signature de l\u2019avenant n\u00b02, de r\u00e9am\u00e9nagement des phases de la p\u00e9riode de recherche du contrat d\u2019exploration-production, portant sur le bloc C-10, op\u00e9r\u00e9 par la soci\u00e9t\u00e9 Shell-E&#038;P Mauritania (C10) BV.<\/p>\n<p>Cette communication vient autoriser la signature de l\u2019avenant n\u00b0 2 de r\u00e9am\u00e9nagement des phases de la p\u00e9riode de recherche sur le bloc C10, en tenant compte de l\u2019importance de la promotion du potentiel p\u00e9trolier de notre offshore, de l\u2019importance de la flexibilit\u00e9 avec les op\u00e9rateurs, afin d\u2019encourager l\u2019int\u00e9r\u00eat de Shell par rapport \u00e0 d\u2019autres blocs du bassin c\u00f4tier et le forage d\u2019un puit d\u2019exploration durant la premi\u00e8re phase d\u2019exploration, dans le respect des dispositions de l\u2019article 20 du code des hydrocarbures, relatif \u00e0 la dur\u00e9e de la p\u00e9riode de recherche.<\/p>\n<p>\u2010 Communication relative \u00e0 l\u2019autorisation de signature d\u2019un contrat d\u2019exploration-production (CEP) avec la Soci\u00e9t\u00e9 \u00ab Shell \u00bb sur un bloc de l\u2019offshore du Bassin C\u00f4tier.<\/p>\n<p>Cette communication vient autoriser la signature du Contrat d\u2019Exploration-Production portant sur un bloc de l\u2019offshore du Bassin C\u00f4tier, conform\u00e9ment aux objectifs de la strat\u00e9gie nationale de promotion du secteur p\u00e9trolier, compte tenu de la pr\u00e9sence actuelle de Shell dans notre domaine cadastral, et de ses capacit\u00e9s techniques et financi\u00e8res, et du fait que le bloc C2 est adjacent au bloc C10, ce qui permettrait d\u2019encourager la prospectivit\u00e9 et l\u2019exploitation potentielles conjointes des deux blocs.<\/p>\n<p>Le Ministre du Commerce, de l\u2019Industrie, de l\u2019Artisanat et du Tourisme a pr\u00e9sent\u00e9 une communication relative \u00e0 l\u2019op\u00e9ration Ramadan 2023\/1444.<\/p>\n<p>Dans le cadre des orientations de Son Excellence M. le Pr\u00e9sident de la R\u00e9publique, Mohamed Ould Cheikh El Gazouani, en mati\u00e8re de soutien aux populations, en particulier pendant le mois b\u00e9ni du Ramadan, la mise en \u0153uvre de l\u2019Op\u00e9ration sp\u00e9ciale d\u00e9nomm\u00e9e \u00ab Op\u00e9ration Ramadan \u00bb vient renforcer les actions lanc\u00e9es annuellement au cours de ce mois.<\/p>\n<p>Cette op\u00e9ration, qui vise \u00e0 assurer la mise \u00e0 la disposition de denr\u00e9es de consommation courante \u00e0 des prix accessibles au profit des consommateurs en g\u00e9n\u00e9ral, et des je\u00fbneurs en particulier, tout au long de ce mois, permettra : (i) de s\u00e9curiser l\u2019approvisionnement des march\u00e9s en denr\u00e9es de premi\u00e8re n\u00e9cessit\u00e9 et de garantir la stabilisation des prix, en luttant contre la sp\u00e9culation et toutes mauvaises pratiques commerciales, (ii) de subventionner les prix des denr\u00e9es de base au profit des franges les moins ais\u00e9es, et (iii) d\u2019assurer des distributions gratuites de vivres, \u00e0 destination des couches les plus vuln\u00e9rables, et des usagers des mosqu\u00e9es et mahadras.<\/p>\n<p>Le Ministre de l\u2019Hydraulique et de l\u2019Assainissement a pr\u00e9sent\u00e9 une communication relative \u00e0 la Strat\u00e9gie Nationale pour l\u2019Acc\u00e8s Durable \u00e0 l\u2019Eau et \u00e0 l\u2019Assainissement (SNADEA) \u00e0 l\u2019horizon 2030, et \u00e0 la r\u00e9vision du cadre r\u00e8glementaire et organisationnel du secteur.<\/p>\n<p>La pr\u00e9sente communication porte sur (i) la pr\u00e9sentation de la Strat\u00e9gie Nationale pour un Acc\u00e8s Durable \u00e0 l\u2019Eau et \u00e0 l\u2019Assainissement (SNADEA) \u00e0 l\u2019horizon 2030, (ii) l\u2019actualisation du code de l\u2019eau 2005, (iii) l\u2019\u00e9tat d\u2019avancement de la r\u00e9organisation en profondeur de la Soci\u00e9t\u00e9 Nationale de l\u2019Eau (SNDE) et de l\u2019hydraulique villageoise, (iv) la tarification unifi\u00e9e de l\u2019eau, et (v) la mise en \u0153uvre de la D\u00e9l\u00e9gation de Service Public de l\u2019Eau (DSPE).<\/p>\n<p>Enfin, le Conseil a pris les mesures individuelles suivantes :<\/p>\n<p>Minist\u00e8re de l\u2019Education Nationale et de la R\u00e9forme du Syst\u00e8me Educatif :<\/p>\n<p>Etablissements publics<\/p>\n<p>\u2013 Institut pour la Promotion et l\u2019Enseignement des Langues Nationales (IPELAN)<\/p>\n<p>\u2013 Directeur : Mbouh S\u00e9ta DIAGANA, titulaire d\u2019un Doctorat en Langues et Litt\u00e9ratures Nationales compar\u00e9es.<\/p>\n<p>Minist\u00e8re de la Transformation Num\u00e9rique, de l\u2019Innovation et de la Modernisation de l\u2019Administration<\/p>\n<p>Cabinet :<\/p>\n<p>\u2010 Charg\u00e9e de mission : Toutou Ely Salem, pr\u00e9c\u00e9demment Directrice des Affaires Juridiques.<\/p>\n<p>\u2010 Conseillers :<\/p>\n<p>\u2010 Conseiller Technique charg\u00e9 des Affaires Juridiques : Sidi Ahmed Vall, pr\u00e9c\u00e9demment Conseiller charg\u00e9 de la Modernisation au Minist\u00e8re de la Fonction Publique, du Travail et de la Modernisation de l\u2019Administration (MFPMA) ;<\/p>\n<p>\u2010 Conseiller Technique Charg\u00e9 de l\u2019Innovation, Mohamed Salem Limam Saff, titulaire d\u2019une maitrise en lettres modernes, pr\u00e9c\u00e9demment Directeur Adjoint de la Strat\u00e9gie et de la Coop\u00e9ration.<\/p>\n<p>Administration centrale :<\/p>\n<p>\u2010 Direction des Affaires Juridiques<\/p>\n<p>\u2010 Directeur : Ahmed Mohamed Saleck Dah, Docteur en Droit, pr\u00e9c\u00e9demment Directeur Adjoint \u00e0 la m\u00eame Direction,<\/p>\n<p>\u2010 Directrice Adjointe : Khdijetou Mohamed Salem, titulaire d\u2019une maitrise en Droit, pr\u00e9c\u00e9demment Chef Service de la Documentation et de la Normalisation.<\/p>\n<p>\u2010 Direction de la Strat\u00e9gie et de la Coop\u00e9ration<\/p>\n<p>\u2010 Directeur : Thierno Baro, Ing\u00e9nieur, pr\u00e9c\u00e9demment Consultant international ;<\/p>\n<p>\u2010 Directrice Adjointe : Maimouna Sidi Boye, titulaire d\u2019un Master, pr\u00e9c\u00e9demment Chef du service de la gestion financi\u00e8re.<\/p>\n<p>\u2010 Direction des Infrastructures<\/p>\n<p>\u2010 Directrice Adjointe : Vefa Mohamed El Moctar, Ing\u00e9nieure en Informatique, pr\u00e9c\u00e9demment Chef de Service \u00e0 la Direction de l\u2019Administration des Syst\u00e8mes et S\u00e9curit\u00e9 ;<\/p>\n<p>\u2010 Direction de l\u2019Innovation<\/p>\n<p>\u2010 Directeur Adjoint : Didi Mohamed Lemine El Houssein, Ing\u00e9nieur en Informatique, pr\u00e9c\u00e9demment Chef de Service \u00e0 la Direction du D\u00e9veloppement et de l\u2019Interop\u00e9rabilit\u00e9.<\/p>\n<p>\u2010 Direction de la Modernisation de l\u2019Administration<\/p>\n<p>\u2010 Directeur : Mohamed Boumediana, Docteur en Droit, pr\u00e9c\u00e9demment Professeur \u00e0 l\u2019Ecole Nationale d\u2019Administration, de Journalisme et de Magistrature (ENAJM).<\/p>\n<p>Etablissements publics<\/p>\n<p>\u2010 Agence Num\u00e9rique de l&#8217;Etat (AN-Etat)<\/p>\n<p>\u2010 Directrice G\u00e9n\u00e9rale Adjointe : Fatimetou Bouboutt, Ing\u00e9nieure, pr\u00e9c\u00e9demment Conseill\u00e8re Technique Charg\u00e9e de l\u2019Innovation.<\/p>\n<p>Minist\u00e8re de l\u2019Hydraulique et de l\u2019Assainissement<\/p>\n<p>Cabinet :<\/p>\n<p>\u2010 Inspection interne :<\/p>\n<p>\u2010 Inspecteur : Mohamed Teyib, titulaire d\u2019un Master en finances, pr\u00e9c\u00e9demment Chef de service contrats et contentieux \u00e0 l\u2019Office National des Services d\u2019Eau en milieu Rural (ONSER).<\/p>\n<p>Administration centrale :<\/p>\n<p>\u2010 Direction de la Planification et de la Coop\u00e9ration<\/p>\n<p>\u2010 Directeur Adjoint : Abdellahi Mohamed HAIMER, titulaire d\u2019une Maitrise en Economie, pr\u00e9c\u00e9demment Cadre \u00e0 l\u2019Office National des Services d\u2019Eau en milieu Rural (ONSER).<\/p>\n<p>\u2010 Direction du Contr\u00f4le de la Qualit\u00e9 de l\u2019Eau<\/p>\n<p>\u2010 Directeur Adjoint : Ahmed Mahmoud Abderrahmane EBDEMEL, titulaire d\u2019un Master en Hydraulique, pr\u00e9c\u00e9demment Chef de Service des March\u00e9s \u00e0 la Direction des Affaires Administratives et Financi\u00e8res.<\/p>\n<p>Minist\u00e8re de l\u2019Environnement et du D\u00e9veloppement Durable :<\/p>\n<p>Cabinet :<\/p>\n<p>\u2013 Charg\u00e9 de Mission : Mahfoudh H\u2019bib, Docteur en Science de l\u2019ing\u00e9nierie et Ing\u00e9nieur en G\u00e9nie Civil.<br \/>\nAmi<\/p>\n","protected":false},"excerpt":{"rendered":"<p>Le Conseil des Ministres s\u2019est r\u00e9uni, mercredi 15 f\u00e9vrier 2023, sous la pr\u00e9sidence de Son Excellence Monsieur le Pr\u00e9sident de la R\u00e9publique, Mohamed Ould Cheikh El-Ghazouani. Le Conseil a examin\u00e9 et adopt\u00e9 les projets de d\u00e9crets suivants : \u2010 Projet de d\u00e9cret portant modification de certaines dispositions du d\u00e9cret n\u00b02018-157 du 19 novembre 2018, portant &hellip;<\/p>\n","protected":false},"author":2,"featured_media":3849,"comment_status":"open","ping_status":"open","sticky":false,"template":"","format":"standard","meta":{"footnotes":""},"categories":[18],"tags":[],"class_list":["post-4200","post","type-post","status-publish","format-standard","has-post-thumbnail","hentry","category-actualites"],"_links":{"self":[{"href":"https:\/\/ladepeche.mr\/index.php?rest_route=\/wp\/v2\/posts\/4200","targetHints":{"allow":["GET"]}}],"collection":[{"href":"https:\/\/ladepeche.mr\/index.php?rest_route=\/wp\/v2\/posts"}],"about":[{"href":"https:\/\/ladepeche.mr\/index.php?rest_route=\/wp\/v2\/types\/post"}],"author":[{"embeddable":true,"href":"https:\/\/ladepeche.mr\/index.php?rest_route=\/wp\/v2\/users\/2"}],"replies":[{"embeddable":true,"href":"https:\/\/ladepeche.mr\/index.php?rest_route=%2Fwp%2Fv2%2Fcomments&post=4200"}],"version-history":[{"count":1,"href":"https:\/\/ladepeche.mr\/index.php?rest_route=\/wp\/v2\/posts\/4200\/revisions"}],"predecessor-version":[{"id":4201,"href":"https:\/\/ladepeche.mr\/index.php?rest_route=\/wp\/v2\/posts\/4200\/revisions\/4201"}],"wp:featuredmedia":[{"embeddable":true,"href":"https:\/\/ladepeche.mr\/index.php?rest_route=\/wp\/v2\/media\/3849"}],"wp:attachment":[{"href":"https:\/\/ladepeche.mr\/index.php?rest_route=%2Fwp%2Fv2%2Fmedia&parent=4200"}],"wp:term":[{"taxonomy":"category","embeddable":true,"href":"https:\/\/ladepeche.mr\/index.php?rest_route=%2Fwp%2Fv2%2Fcategories&post=4200"},{"taxonomy":"post_tag","embeddable":true,"href":"https:\/\/ladepeche.mr\/index.php?rest_route=%2Fwp%2Fv2%2Ftags&post=4200"}],"curies":[{"name":"wp","href":"https:\/\/api.w.org\/{rel}","templated":true}]}}