{"id":4219,"date":"2023-02-18T15:55:02","date_gmt":"2023-02-18T15:55:02","guid":{"rendered":"https:\/\/ladepeche.mr\/?p=4219"},"modified":"2023-02-18T15:55:47","modified_gmt":"2023-02-18T15:55:47","slug":"le-e-secretaire-general-du-ministere-des-affaires-economiques-sentretient-avec-une-delegation-du-centre-islamique-pour-le-developpement-du-commerce","status":"publish","type":"post","link":"https:\/\/ladepeche.mr\/?p=4219","title":{"rendered":"Le e secr\u00e9taire g\u00e9n\u00e9ral du minist\u00e8re des Affaires \u00e9conomiques s&#8217;entretient avec une d\u00e9l\u00e9gation du Centre Islamique pour le D\u00e9veloppement du Commerce"},"content":{"rendered":"<p>Le secr\u00e9taire g\u00e9n\u00e9ral du minist\u00e8re des Affaires \u00e9conomiques et de la Promotion des Secteurs productifs, M. Yacoub Ould Ahmed Aicha, s&#8217;est entretenu, jeudi,  \u00e0 Nouakchott, avec une d\u00e9l\u00e9gation du Centre Islamique pour le d\u00e9veloppement du Commerce (CIDC), pr\u00e9sid\u00e9e par  la directrice g\u00e9n\u00e9ral  du Centre, Mme. Latifa Elbouabdellaoui.<\/p>\n<p>Les discussions ont port\u00e9 sur les pr\u00e9paratifs du Forum de l&#8217;Investissement  de l&#8217;Organisation de la Coop\u00e9ration  islamique  et la Mauritanie pr\u00e9vu les 15 et 16 mars 2023 \u00e0 Nouakchott.<\/p>\n<p>Cette rencontre de haut niveau vise \u00e0 exposer les opportunit\u00e9s d&#8217;investissement en Mauritanie et au renforcement des relations entre la Mauritanie et les \u00c9tats membres de l&#8217;Organisation.<\/p>\n<p>L&#8217;audience s&#8217;est d\u00e9roul\u00e9e en pr\u00e9sence la directrice g\u00e9n\u00e9rale de l&#8217;Agence de la Promotion des Investissements en Mauritanie, Mme. Aissata Lam, de M. Mamadou Bocar, directeur adjoint du CIDC, de Mme. Aminata Thiam,  responsable de la communication au CIDC, et de M. Safall Fall, manager unit\u00e9 Afrique.<br \/>\nSource MAEPSP <\/p>\n","protected":false},"excerpt":{"rendered":"<p>Le secr\u00e9taire g\u00e9n\u00e9ral du minist\u00e8re des Affaires \u00e9conomiques et de la Promotion des Secteurs productifs, M. Yacoub Ould Ahmed Aicha, s&#8217;est entretenu, jeudi, \u00e0 Nouakchott, avec une d\u00e9l\u00e9gation du Centre Islamique pour le d\u00e9veloppement du Commerce (CIDC), pr\u00e9sid\u00e9e par la directrice g\u00e9n\u00e9ral du Centre, Mme. Latifa Elbouabdellaoui. Les discussions ont port\u00e9 sur les pr\u00e9paratifs du &hellip;<\/p>\n","protected":false},"author":2,"featured_media":4220,"comment_status":"open","ping_status":"open","sticky":false,"template":"","format":"standard","meta":{"footnotes":""},"categories":[18,2,1],"tags":[],"class_list":["post-4219","post","type-post","status-publish","format-standard","has-post-thumbnail","hentry","category-actualites","category-economie","category-uncategorized"],"_links":{"self":[{"href":"https:\/\/ladepeche.mr\/index.php?rest_route=\/wp\/v2\/posts\/4219","targetHints":{"allow":["GET"]}}],"collection":[{"href":"https:\/\/ladepeche.mr\/index.php?rest_route=\/wp\/v2\/posts"}],"about":[{"href":"https:\/\/ladepeche.mr\/index.php?rest_route=\/wp\/v2\/types\/post"}],"author":[{"embeddable":true,"href":"https:\/\/ladepeche.mr\/index.php?rest_route=\/wp\/v2\/users\/2"}],"replies":[{"embeddable":true,"href":"https:\/\/ladepeche.mr\/index.php?rest_route=%2Fwp%2Fv2%2Fcomments&post=4219"}],"version-history":[{"count":2,"href":"https:\/\/ladepeche.mr\/index.php?rest_route=\/wp\/v2\/posts\/4219\/revisions"}],"predecessor-version":[{"id":4222,"href":"https:\/\/ladepeche.mr\/index.php?rest_route=\/wp\/v2\/posts\/4219\/revisions\/4222"}],"wp:featuredmedia":[{"embeddable":true,"href":"https:\/\/ladepeche.mr\/index.php?rest_route=\/wp\/v2\/media\/4220"}],"wp:attachment":[{"href":"https:\/\/ladepeche.mr\/index.php?rest_route=%2Fwp%2Fv2%2Fmedia&parent=4219"}],"wp:term":[{"taxonomy":"category","embeddable":true,"href":"https:\/\/ladepeche.mr\/index.php?rest_route=%2Fwp%2Fv2%2Fcategories&post=4219"},{"taxonomy":"post_tag","embeddable":true,"href":"https:\/\/ladepeche.mr\/index.php?rest_route=%2Fwp%2Fv2%2Ftags&post=4219"}],"curies":[{"name":"wp","href":"https:\/\/api.w.org\/{rel}","templated":true}]}}