{"id":4225,"date":"2023-02-18T16:28:47","date_gmt":"2023-02-18T16:28:47","guid":{"rendered":"https:\/\/ladepeche.mr\/?p=4225"},"modified":"2023-02-18T16:38:08","modified_gmt":"2023-02-18T16:38:08","slug":"notre-unite-cest-notre-force-par-cheikh-ahmed-mohamed","status":"publish","type":"post","link":"https:\/\/ladepeche.mr\/?p=4225","title":{"rendered":"Notre unit\u00e9, c\u2019est notre force. Par Cheikh Ahmed Mohamed"},"content":{"rendered":"<p>Pour que la d\u00e9mocratie soit solide, il faut le dialogue, le renforcement des valeurs communes, l\u2019ouverture et l\u2019ob\u00e9issance \u00e0 la constitution, cela s\u2019imposent comme l\u2019un des crit\u00e8res majeurs du respect des droits de l\u2019homme mauritanien. En effet, rien ne sera possible sans consolidation de l\u2019unit\u00e9 nationale, sans d\u00e9velopper le sentiment d\u2019appartenance \u00e0 une nation commune.<br \/>\nLa responsabilit\u00e9 de chacun d\u2019entre nous \u00e0 l\u2019\u00e9gard de notre pays est de d\u00e9passer les prismes traditionnels du pass\u00e9 ainsi que les clivages personnels qui ont fait tant de mal au pays.<br \/>\nLe dialogue ,l\u2019ouverture ,le renforcement de l\u2019unit\u00e9 nationale sont au c\u0153ur du projet d\u2019avenir. Tous les efforts engag\u00e9s dans la construction du pays, dans la croissance \u00e9conomique, dans les infrastructures, dans l&#8217;\u2019\u00e9nergie, ne permettent d&#8217;aboutir au r\u00e9sultat tant souhait\u00e9  que si la nation est en coh\u00e9sion. L\u2019Etat doit \u00eatre plus que jamais l\u2019Etat de tous les Mauritaniens  en \u0153uvrant pour tous, d\u2019assurer les mauritaniens sur la transparence et le bon d\u00e9roulement de la gestion de la chose publique. De continuer \u00e0 promouvoir un d\u00e9bat national fiable tout en d\u00e9fendant l\u2019int\u00e9r\u00eat supr\u00eame du pays. L\u2019objectif est de proposer une v\u00e9ritable ambition de gouvernement et de gouvernance afin de rassembler tous les mauritaniens  autour d\u2019un seul projet :la reconstruction du pays afin de faire \u00e9merger une Mauritanie forte de sa diversit\u00e9 culturelle et consciente de son avenir car pour la majorit\u00e9 d\u2019entre nous, l\u2019unit\u00e9 nationale est le seul chemin d\u2019avenir .Notre ch\u00e8re Mauritanie a besoin d\u2019acc\u00e9l\u00e9rer son d\u00e9veloppement. Elle a besoin de rassembler les comp\u00e9tences et les \u00e9nergies de sa jeunesse dans un but commun. C\u2019est le d\u00e9veloppement du pays et le renforcement de notre unit\u00e9 nationale qui nous conduisent \u00e0 faire \u00e9merger une Mauritanie unie, prosp\u00e8re et moderne\u2026Cela m\u00e8ne \u00e0 inscrire cette n\u00e9cessit\u00e9 de travailler ensemble dans la dur\u00e9e, dans les pratiques quotidiennes afin de r\u00e9pondre aux probl\u00e8mes pos\u00e9s par la mis\u00e8re et par la corruption.<br \/>\nNotre cher pays depuis des lustres a \u00e9t\u00e9 une terre de m\u00e9tisse, d\u2019accueil et de partage o\u00f9 il fait bon vivre ensemble; jamais des irr\u00e9dentismes de type ethnique, linguistique, religieux ou confessionnel n\u2019y ont eu lieu. La sp\u00e9cificit\u00e9 de ce pays r\u00e9side dans sa singuli\u00e8re devise: Honneur, Fraternit\u00e9 et Justice.<br \/>\nLes conditions qui nous entourent nous obligent \u00e0 cr\u00e9er un environnement int\u00e9rieur paisible et fiable permettant \u00e0 nos populations de r\u00e9sister aux sir\u00e8nes des dangers qui nous guettent.<br \/>\nPar ailleurs, notre pays s\u2019appr\u00eate \u00e0 exploiter de consid\u00e9rables ressources gazi\u00e8res dont les bienfaits sont attendus par tous les mauritaniens; cela n\u00e9cessite le renforcement de notre unit\u00e9 nationale dans un environnement de stabilit\u00e9 et de coh\u00e9sion sociale.<br \/>\nIl n\u2019y a pire ennemi de l\u2019unit\u00e9 nationale que la mis\u00e8re et la corruption. Tout le reste n\u2019est que diversion.  Le peuple Mauritanien est UN et indivisible.<br \/>\nCHEIKH AHMED MOHAMED<br \/>\nINGENIEUR<br \/>\nDIRECTEUR DU BUREAU D\u2019ETUDES B.E .MEGELC NDB.<br \/>\nRESPONSSABLE DU SERVICE ETUDES ET DEVELOPPMENT<br \/>\nETABLISSEMNT PORTUAIRE DE LA BAIE DU REPOS DE NOUADHIBOU.<br \/>\nE-mail :cheikhahmedmohamed01@gmail.com<\/p>\n","protected":false},"excerpt":{"rendered":"<p>Pour que la d\u00e9mocratie soit solide, il faut le dialogue, le renforcement des valeurs communes, l\u2019ouverture et l\u2019ob\u00e9issance \u00e0 la constitution, cela s\u2019imposent comme l\u2019un des crit\u00e8res majeurs du respect des droits de l\u2019homme mauritanien. En effet, rien ne sera possible sans consolidation de l\u2019unit\u00e9 nationale, sans d\u00e9velopper le sentiment d\u2019appartenance \u00e0 une nation commune. &hellip;<\/p>\n","protected":false},"author":2,"featured_media":4226,"comment_status":"open","ping_status":"open","sticky":false,"template":"","format":"standard","meta":{"footnotes":""},"categories":[18,19],"tags":[],"class_list":["post-4225","post","type-post","status-publish","format-standard","has-post-thumbnail","hentry","category-actualites","category-tribune"],"_links":{"self":[{"href":"https:\/\/ladepeche.mr\/index.php?rest_route=\/wp\/v2\/posts\/4225","targetHints":{"allow":["GET"]}}],"collection":[{"href":"https:\/\/ladepeche.mr\/index.php?rest_route=\/wp\/v2\/posts"}],"about":[{"href":"https:\/\/ladepeche.mr\/index.php?rest_route=\/wp\/v2\/types\/post"}],"author":[{"embeddable":true,"href":"https:\/\/ladepeche.mr\/index.php?rest_route=\/wp\/v2\/users\/2"}],"replies":[{"embeddable":true,"href":"https:\/\/ladepeche.mr\/index.php?rest_route=%2Fwp%2Fv2%2Fcomments&post=4225"}],"version-history":[{"count":3,"href":"https:\/\/ladepeche.mr\/index.php?rest_route=\/wp\/v2\/posts\/4225\/revisions"}],"predecessor-version":[{"id":4229,"href":"https:\/\/ladepeche.mr\/index.php?rest_route=\/wp\/v2\/posts\/4225\/revisions\/4229"}],"wp:featuredmedia":[{"embeddable":true,"href":"https:\/\/ladepeche.mr\/index.php?rest_route=\/wp\/v2\/media\/4226"}],"wp:attachment":[{"href":"https:\/\/ladepeche.mr\/index.php?rest_route=%2Fwp%2Fv2%2Fmedia&parent=4225"}],"wp:term":[{"taxonomy":"category","embeddable":true,"href":"https:\/\/ladepeche.mr\/index.php?rest_route=%2Fwp%2Fv2%2Fcategories&post=4225"},{"taxonomy":"post_tag","embeddable":true,"href":"https:\/\/ladepeche.mr\/index.php?rest_route=%2Fwp%2Fv2%2Ftags&post=4225"}],"curies":[{"name":"wp","href":"https:\/\/api.w.org\/{rel}","templated":true}]}}