{"id":4233,"date":"2023-02-18T17:55:14","date_gmt":"2023-02-18T17:55:14","guid":{"rendered":"https:\/\/ladepeche.mr\/?p=4233"},"modified":"2023-02-18T17:57:38","modified_gmt":"2023-02-18T17:57:38","slug":"sahel-la-mauritanie-est-devenue-un-modele-de-stabilite-ministre-allemande-de-la-cooperation","status":"publish","type":"post","link":"https:\/\/ladepeche.mr\/?p=4233","title":{"rendered":"Sahel: \u00ab\u00a0La Mauritanie est devenue un mod\u00e8le de stabilit\u00e9\u00a0\u00bb (ministre allemande de la coop\u00e9ration)"},"content":{"rendered":"<p>La ministre allemande de la Coop\u00e9ration \u00e9conomique et du D\u00e9veloppement, Mme Svenja Schulze, a qualifi\u00e9 la Mauritanie de mod\u00e8le de stabilit\u00e9 dans la r\u00e9gion du Sahel.<\/p>\n<p>La  d\u00e9claration de la ministre, qui s&#8217;exprimait  \u00e0 travers  un tweet publi\u00e9 sur   son compte Twitter,  intervient  en marge de sa  rencontre, ce matin,  \u00e0 Munich, avec le ministre des Affaires \u00e9conomiques et de la Promotion des secteurs productifs, M. Ousmane Mamoudou  Kane.<\/p>\n<p>Voici le tweet dans son int\u00e9gralit\u00e9:<br \/>\n&#8221; La Mauritanie est devenue un mod\u00e8le de  stabilit\u00e9  dans la r\u00e9gion du  Sahel.  J&#8217;ai discut\u00e9 avec le ministre mauritanien des Affaires \u00e9conomiques et de la Promotion des Secteurs productifs, M. Ousmane Mamoudou Kane, de la stabilit\u00e9 sociale et  \u00e9conomique dans la r\u00e9gion. &#8220;<\/p>\n","protected":false},"excerpt":{"rendered":"<p>La ministre allemande de la Coop\u00e9ration \u00e9conomique et du D\u00e9veloppement, Mme Svenja Schulze, a qualifi\u00e9 la Mauritanie de mod\u00e8le de stabilit\u00e9 dans la r\u00e9gion du Sahel. La d\u00e9claration de la ministre, qui s&#8217;exprimait \u00e0 travers un tweet publi\u00e9 sur son compte Twitter, intervient en marge de sa rencontre, ce matin, \u00e0 Munich, avec le ministre &hellip;<\/p>\n","protected":false},"author":2,"featured_media":4239,"comment_status":"open","ping_status":"open","sticky":false,"template":"","format":"standard","meta":{"footnotes":""},"categories":[18,29,28],"tags":[],"class_list":["post-4233","post","type-post","status-publish","format-standard","has-post-thumbnail","hentry","category-actualites","category-monde","category-sahel"],"_links":{"self":[{"href":"https:\/\/ladepeche.mr\/index.php?rest_route=\/wp\/v2\/posts\/4233","targetHints":{"allow":["GET"]}}],"collection":[{"href":"https:\/\/ladepeche.mr\/index.php?rest_route=\/wp\/v2\/posts"}],"about":[{"href":"https:\/\/ladepeche.mr\/index.php?rest_route=\/wp\/v2\/types\/post"}],"author":[{"embeddable":true,"href":"https:\/\/ladepeche.mr\/index.php?rest_route=\/wp\/v2\/users\/2"}],"replies":[{"embeddable":true,"href":"https:\/\/ladepeche.mr\/index.php?rest_route=%2Fwp%2Fv2%2Fcomments&post=4233"}],"version-history":[{"count":3,"href":"https:\/\/ladepeche.mr\/index.php?rest_route=\/wp\/v2\/posts\/4233\/revisions"}],"predecessor-version":[{"id":4238,"href":"https:\/\/ladepeche.mr\/index.php?rest_route=\/wp\/v2\/posts\/4233\/revisions\/4238"}],"wp:featuredmedia":[{"embeddable":true,"href":"https:\/\/ladepeche.mr\/index.php?rest_route=\/wp\/v2\/media\/4239"}],"wp:attachment":[{"href":"https:\/\/ladepeche.mr\/index.php?rest_route=%2Fwp%2Fv2%2Fmedia&parent=4233"}],"wp:term":[{"taxonomy":"category","embeddable":true,"href":"https:\/\/ladepeche.mr\/index.php?rest_route=%2Fwp%2Fv2%2Fcategories&post=4233"},{"taxonomy":"post_tag","embeddable":true,"href":"https:\/\/ladepeche.mr\/index.php?rest_route=%2Fwp%2Fv2%2Ftags&post=4233"}],"curies":[{"name":"wp","href":"https:\/\/api.w.org\/{rel}","templated":true}]}}