{"id":4241,"date":"2023-02-18T20:47:07","date_gmt":"2023-02-18T20:47:07","guid":{"rendered":"https:\/\/ladepeche.mr\/?p=4241"},"modified":"2023-02-18T20:47:07","modified_gmt":"2023-02-18T20:47:07","slug":"president-de-la-republique-nous-sommes-convaincus-que-cette-crise-libyenne-na-que-trop-dure-et-quil-est-absolument-urgent-et-necessaire-de-lui-trouver-une-solution-pacifique-et-de","status":"publish","type":"post","link":"https:\/\/ladepeche.mr\/?p=4241","title":{"rendered":"Pr\u00e9sident de la R\u00e9publique : Nous sommes convaincus que cette crise libyenne n\u2019a que trop dur\u00e9, et qu\u2019il est absolument urgent et n\u00e9cessaire de lui trouver une solution pacifique et d\u00e9finitive"},"content":{"rendered":"<p>Le Pr\u00e9sident de la R\u00e9publique, Son Excellence Monsieur Mohamed Ould Cheikh El Ghazouani a pris part, vendredi \u00e0 Addis-Abeba, \u00e0 la r\u00e9union du comit\u00e9 ad hoc de haut niveau sur la Libye.<br \/>\nDans le discours qu\u2019il a prononc\u00e9, \u00e0 cette occasion, Son Excellence a soulign\u00e9 que la crise libyenne n\u2019a que trop dur\u00e9, et qu\u2019il est absolument urgent et n\u00e9cessaire de lui trouver une solution pacifique et d\u00e9finitive.<br \/>\nIl a, \u00e9galement, soulign\u00e9 le leadership, le doigt\u00e9 diplomatique et la pertinence de sa vision du pr\u00e9sident congolais, Monsieur Denis Sassou Nguesso, Pr\u00e9sident du Haut Comit\u00e9 sur la Libye qui ont \u00e9t\u00e9 des atouts majeurs dans l\u2019efficacit\u00e9 du travail men\u00e9 sur la Libye.<br \/>\nSon excellence a, aussi, appel\u00e9 les fr\u00e8res libyens \u00e0 d\u00e9passer leurs querelles internes et \u00e0 faire passer l\u2019int\u00e9r\u00eat g\u00e9n\u00e9ral du peuple libyen avant toute autre consid\u00e9ration ; et \u00e0 compter sur notre solidarit\u00e9 agissante et de la Mauritanie ainsi que celui du haut comit\u00e9 sur la Libye et de l\u2019Union Africaine dans son ensemble.<br \/>\nVoici le discours int\u00e9gral du Pr\u00e9sident de la R\u00e9publique :<br \/>\n\u2022 Excellence Monsieur Denis Sassou Nguesso Pr\u00e9sident du Haut Comit\u00e9 sur la Libye,<br \/>\n\u2022 Excellences Messieurs les Pr\u00e9sidents et chefs de D\u00e9l\u00e9gations<br \/>\n\u2022 Mesdames, Messieurs,<br \/>\nDepuis plus d\u2019une d\u00e9cennie, le peuple libyen fr\u00e8re vit une trag\u00e9die dont les effets d\u00e9vastateurs sur le plan \u00e9conomique, social, politique, et s\u00e9curitaire, sont incommensurables.<br \/>\nLe pays est devenu un espace qui polarise toutes les formes de violence et le refuge de terroristes, et de mercenaires affluant de toute part, qui approfondissent les rivalit\u00e9s internes et font perdurer la crise, privant ainsi le peuple libyen de son droit imprescriptible \u00e0 la paix, \u00e0 la s\u00e9curit\u00e9 et au d\u00e9veloppement.<br \/>\nJe ne reviendrai pas sur les facteurs exog\u00e8nes et endog\u00e8nes qui sont \u00e0 l\u2019origine de cette crise ou qui sont responsables de sa long\u00e9vit\u00e9, ni sur les incidences de celle-ci sur l\u2019ensemble de la sous-r\u00e9gion et plus globalement sur le continent en g\u00e9n\u00e9ral : tout cela est connu de tous, largement analys\u00e9 et document\u00e9.<br \/>\nJe voudrais simplement souligner qu\u2019aucune solution durable \u00e0 cette crise ne saurait se concevoir et se mettre en place efficacement sans la forte implication de tous les libyens et de l\u2019Union Africaine.<br \/>\nJe salue \u00e0 cette \u00e9gard le travail remarquable qu\u2019effectue avec efficacit\u00e9 et clairvoyance, en synergie avec les Nations Unies, mon fr\u00e8re et ami son Excellence Monsieur Denis Sassou Nguesso Pr\u00e9sident de la R\u00e9publique du Congo, pr\u00e9sident du haut comit\u00e9 sur la Libye.<br \/>\nSon leadership, sa doigt\u00e9 diplomatique et la pertinence de sa vision ont \u00e9t\u00e9 des atouts majeurs dans l\u2019efficacit\u00e9 du travail men\u00e9 par le haut comit\u00e9 sur la Libye, qui a contribu\u00e9 par exemple, \u00e0 lancer avec les fr\u00e8res libyens, mobilis\u00e9s sous les auspices du Conseil Pr\u00e9sidentiel Libyen, un processus de r\u00e9conciliation qui a d\u00e9j\u00e0 donn\u00e9 ses premiers r\u00e9sultats: le succ\u00e8s de la rencontre pr\u00e9paratoire de la conf\u00e9rence inter libyenne.<br \/>\nNous, en R\u00e9publique Islamique de Mauritanie, sommes convaincus que cette crise libyenne n\u2019a que trop dur\u00e9, et qu\u2019il est absolument urgent et n\u00e9cessaire de lui trouver une solution pacifique et d\u00e9finitive; et que cette solution doit impliquer tous les libyens, pr\u00e9server l\u2019int\u00e9grit\u00e9 territoriale du pays et lui permettre de jouir de la paix et de la s\u00e9curit\u00e9 afin que la Libye redevienne ce qu\u2019elle a toujours \u00e9t\u00e9, un pays de paix, de s\u00e9curit\u00e9 et de prosp\u00e9rit\u00e9.<br \/>\nEn cons\u00e9quence, nous r\u00e9it\u00e9rons, ici, notre ferme soutien aux actions men\u00e9es dans ce sens par son Excellence Monsieur Denis Sassou Nguesso, Pr\u00e9sident du haut comit\u00e9 sur la Libye.<br \/>\nNous sommes s\u00fbrs que la Libye est au bout du tunnel et que la lumi\u00e8re pointe \u00e0 l\u2019horizon.<br \/>\nIl n\u2019est point besoin de rappeler les liens s\u00e9culaires d\u2019amiti\u00e9, de fraternit\u00e9, d\u2019histoire et culture partag\u00e9es qui unissent les deux peuples mauritanien et libyen.<br \/>\nAussi j\u2019appelle mes fr\u00e8res libyens \u00e0 d\u00e9passer leurs querelles internes et \u00e0 faire passer l\u2019int\u00e9r\u00eat g\u00e9n\u00e9ral du peuple libyen avant toute autre consid\u00e9ration; et \u00e0 compter sur notre solidarit\u00e9 agissante et notre soutien ind\u00e9fectible ainsi que celui du haut comit\u00e9 sur la Libye et de l\u2019Union Africaine dans son ensemble.<br \/>\nJe vous remercie.<br \/>\nAmi<\/p>\n","protected":false},"excerpt":{"rendered":"<p>Le Pr\u00e9sident de la R\u00e9publique, Son Excellence Monsieur Mohamed Ould Cheikh El Ghazouani a pris part, vendredi \u00e0 Addis-Abeba, \u00e0 la r\u00e9union du comit\u00e9 ad hoc de haut niveau sur la Libye. Dans le discours qu\u2019il a prononc\u00e9, \u00e0 cette occasion, Son Excellence a soulign\u00e9 que la crise libyenne n\u2019a que trop dur\u00e9, et qu\u2019il &hellip;<\/p>\n","protected":false},"author":2,"featured_media":4242,"comment_status":"open","ping_status":"open","sticky":false,"template":"","format":"standard","meta":{"footnotes":""},"categories":[18,29],"tags":[],"class_list":["post-4241","post","type-post","status-publish","format-standard","has-post-thumbnail","hentry","category-actualites","category-monde"],"_links":{"self":[{"href":"https:\/\/ladepeche.mr\/index.php?rest_route=\/wp\/v2\/posts\/4241","targetHints":{"allow":["GET"]}}],"collection":[{"href":"https:\/\/ladepeche.mr\/index.php?rest_route=\/wp\/v2\/posts"}],"about":[{"href":"https:\/\/ladepeche.mr\/index.php?rest_route=\/wp\/v2\/types\/post"}],"author":[{"embeddable":true,"href":"https:\/\/ladepeche.mr\/index.php?rest_route=\/wp\/v2\/users\/2"}],"replies":[{"embeddable":true,"href":"https:\/\/ladepeche.mr\/index.php?rest_route=%2Fwp%2Fv2%2Fcomments&post=4241"}],"version-history":[{"count":1,"href":"https:\/\/ladepeche.mr\/index.php?rest_route=\/wp\/v2\/posts\/4241\/revisions"}],"predecessor-version":[{"id":4243,"href":"https:\/\/ladepeche.mr\/index.php?rest_route=\/wp\/v2\/posts\/4241\/revisions\/4243"}],"wp:featuredmedia":[{"embeddable":true,"href":"https:\/\/ladepeche.mr\/index.php?rest_route=\/wp\/v2\/media\/4242"}],"wp:attachment":[{"href":"https:\/\/ladepeche.mr\/index.php?rest_route=%2Fwp%2Fv2%2Fmedia&parent=4241"}],"wp:term":[{"taxonomy":"category","embeddable":true,"href":"https:\/\/ladepeche.mr\/index.php?rest_route=%2Fwp%2Fv2%2Fcategories&post=4241"},{"taxonomy":"post_tag","embeddable":true,"href":"https:\/\/ladepeche.mr\/index.php?rest_route=%2Fwp%2Fv2%2Ftags&post=4241"}],"curies":[{"name":"wp","href":"https:\/\/api.w.org\/{rel}","templated":true}]}}