{"id":4245,"date":"2023-02-18T22:07:58","date_gmt":"2023-02-18T22:07:58","guid":{"rendered":"https:\/\/ladepeche.mr\/?p=4245"},"modified":"2023-02-18T22:11:06","modified_gmt":"2023-02-18T22:11:06","slug":"alesco-mohamed-ould-amar-rempile","status":"publish","type":"post","link":"https:\/\/ladepeche.mr\/?p=4245","title":{"rendered":"Alesco : Mohamed Ould Amar rempile pour un nouveau mandat"},"content":{"rendered":"<p>Mohamed Ould Amar, qui pr\u00e9sidait aux destin\u00e9es de l\u2019Alesco (Organisation arabe pour l&#8217;\u00e9ducation, la culture et la science) depuis quatre ans en tant que son DG, a \u00e9t\u00e9 reconduit par consensus samedi, pour un nouveau mandat de 4 ans aux commandes de cette organisation d\u00e9pendant de la Ligue Arabe.<br \/>\nLe si\u00e8ge de l\u2019Alesco, cr\u00e9\u00e9e en 1970 par la Ligue Arabe, se trouve \u00e0 Tunis.<\/p>\n","protected":false},"excerpt":{"rendered":"<p>Mohamed Ould Amar, qui pr\u00e9sidait aux destin\u00e9es de l\u2019Alesco (Organisation arabe pour l&#8217;\u00e9ducation, la culture et la science) depuis quatre ans en tant que son DG, a \u00e9t\u00e9 reconduit par consensus samedi, pour un nouveau mandat de 4 ans aux commandes de cette organisation d\u00e9pendant de la Ligue Arabe. Le si\u00e8ge de l\u2019Alesco, cr\u00e9\u00e9e en &hellip;<\/p>\n","protected":false},"author":2,"featured_media":4246,"comment_status":"open","ping_status":"open","sticky":false,"template":"","format":"standard","meta":{"footnotes":""},"categories":[18,15,25],"tags":[],"class_list":["post-4245","post","type-post","status-publish","format-standard","has-post-thumbnail","hentry","category-actualites","category-culture","category-en-forme"],"_links":{"self":[{"href":"https:\/\/ladepeche.mr\/index.php?rest_route=\/wp\/v2\/posts\/4245","targetHints":{"allow":["GET"]}}],"collection":[{"href":"https:\/\/ladepeche.mr\/index.php?rest_route=\/wp\/v2\/posts"}],"about":[{"href":"https:\/\/ladepeche.mr\/index.php?rest_route=\/wp\/v2\/types\/post"}],"author":[{"embeddable":true,"href":"https:\/\/ladepeche.mr\/index.php?rest_route=\/wp\/v2\/users\/2"}],"replies":[{"embeddable":true,"href":"https:\/\/ladepeche.mr\/index.php?rest_route=%2Fwp%2Fv2%2Fcomments&post=4245"}],"version-history":[{"count":3,"href":"https:\/\/ladepeche.mr\/index.php?rest_route=\/wp\/v2\/posts\/4245\/revisions"}],"predecessor-version":[{"id":4249,"href":"https:\/\/ladepeche.mr\/index.php?rest_route=\/wp\/v2\/posts\/4245\/revisions\/4249"}],"wp:featuredmedia":[{"embeddable":true,"href":"https:\/\/ladepeche.mr\/index.php?rest_route=\/wp\/v2\/media\/4246"}],"wp:attachment":[{"href":"https:\/\/ladepeche.mr\/index.php?rest_route=%2Fwp%2Fv2%2Fmedia&parent=4245"}],"wp:term":[{"taxonomy":"category","embeddable":true,"href":"https:\/\/ladepeche.mr\/index.php?rest_route=%2Fwp%2Fv2%2Fcategories&post=4245"},{"taxonomy":"post_tag","embeddable":true,"href":"https:\/\/ladepeche.mr\/index.php?rest_route=%2Fwp%2Fv2%2Ftags&post=4245"}],"curies":[{"name":"wp","href":"https:\/\/api.w.org\/{rel}","templated":true}]}}