{"id":4250,"date":"2023-02-19T12:53:32","date_gmt":"2023-02-19T12:53:32","guid":{"rendered":"https:\/\/ladepeche.mr\/?p=4250"},"modified":"2023-02-19T12:53:32","modified_gmt":"2023-02-19T12:53:32","slug":"ona-desordre-dans-lordre","status":"publish","type":"post","link":"https:\/\/ladepeche.mr\/?p=4250","title":{"rendered":"Ona: D\u00e9sordre dans l\u2019Ordre"},"content":{"rendered":"<p>L\u2019Ordre national des avocats (Ona) est min\u00e9 par les divergences entre ses soci\u00e9taires dont les tiraillements d\u00e9passent aujourd\u2019hui leur propre ar\u00e8ne.<br \/>\nLes attaques et invectives \u00e9maillent les propos des uns et des autres. Ces dissensions se manifestent aussi par l\u2019opposition entre des groupes au sein du conseil par des conflits ouverts entre adh\u00e9rents. Les plus solennelles des manifestations des clivages entre ce que certains pr\u00e9sentent comme une bipolarit\u00e9 r\u00e9gionale entre plusieurs avocats dont chacun conteste la probit\u00e9 et les comp\u00e9tences de l\u2019autre.<br \/>\nAu c\u0153ur de ce conflit se trouve une hache de guerre port\u00e9e entre le B\u00e2tonnier Me Ebetty et Me Sidi El Mokhtar Ould Sidi.<\/p>\n","protected":false},"excerpt":{"rendered":"<p>L\u2019Ordre national des avocats (Ona) est min\u00e9 par les divergences entre ses soci\u00e9taires dont les tiraillements d\u00e9passent aujourd\u2019hui leur propre ar\u00e8ne. Les attaques et invectives \u00e9maillent les propos des uns et des autres. Ces dissensions se manifestent aussi par l\u2019opposition entre des groupes au sein du conseil par des conflits ouverts entre adh\u00e9rents. Les plus &hellip;<\/p>\n","protected":false},"author":2,"featured_media":4253,"comment_status":"open","ping_status":"open","sticky":false,"template":"","format":"standard","meta":{"footnotes":""},"categories":[18,26],"tags":[],"class_list":["post-4250","post","type-post","status-publish","format-standard","has-post-thumbnail","hentry","category-actualites","category-en-panne"],"_links":{"self":[{"href":"https:\/\/ladepeche.mr\/index.php?rest_route=\/wp\/v2\/posts\/4250","targetHints":{"allow":["GET"]}}],"collection":[{"href":"https:\/\/ladepeche.mr\/index.php?rest_route=\/wp\/v2\/posts"}],"about":[{"href":"https:\/\/ladepeche.mr\/index.php?rest_route=\/wp\/v2\/types\/post"}],"author":[{"embeddable":true,"href":"https:\/\/ladepeche.mr\/index.php?rest_route=\/wp\/v2\/users\/2"}],"replies":[{"embeddable":true,"href":"https:\/\/ladepeche.mr\/index.php?rest_route=%2Fwp%2Fv2%2Fcomments&post=4250"}],"version-history":[{"count":1,"href":"https:\/\/ladepeche.mr\/index.php?rest_route=\/wp\/v2\/posts\/4250\/revisions"}],"predecessor-version":[{"id":4252,"href":"https:\/\/ladepeche.mr\/index.php?rest_route=\/wp\/v2\/posts\/4250\/revisions\/4252"}],"wp:featuredmedia":[{"embeddable":true,"href":"https:\/\/ladepeche.mr\/index.php?rest_route=\/wp\/v2\/media\/4253"}],"wp:attachment":[{"href":"https:\/\/ladepeche.mr\/index.php?rest_route=%2Fwp%2Fv2%2Fmedia&parent=4250"}],"wp:term":[{"taxonomy":"category","embeddable":true,"href":"https:\/\/ladepeche.mr\/index.php?rest_route=%2Fwp%2Fv2%2Fcategories&post=4250"},{"taxonomy":"post_tag","embeddable":true,"href":"https:\/\/ladepeche.mr\/index.php?rest_route=%2Fwp%2Fv2%2Ftags&post=4250"}],"curies":[{"name":"wp","href":"https:\/\/api.w.org\/{rel}","templated":true}]}}