{"id":4254,"date":"2023-02-19T15:13:44","date_gmt":"2023-02-19T15:13:44","guid":{"rendered":"https:\/\/ladepeche.mr\/?p=4254"},"modified":"2023-02-19T15:20:27","modified_gmt":"2023-02-19T15:20:27","slug":"fagace-confiance-temoignee-a-la-bci","status":"publish","type":"post","link":"https:\/\/ladepeche.mr\/?p=4254","title":{"rendered":"Fagace : Confiance t\u00e9moign\u00e9e \u00e0 la BCI"},"content":{"rendered":"<p>M\u00eame si le Fonds Africain de garantie et coop\u00e9ration \u00e9conomique (FAGACE) s\u2019est montr\u00e9 \u00ab inquiet \u00bb du niveau de r\u00e9alisation des objectifs vis\u00e9s en Mauritanie, il a n\u00e9anmoins jet\u00e9 son d\u00e9volu sur la Banque BCI de Isselmou Ould Tajeddine avec laquelle le FAGACE a scell\u00e9 un nouvel accord. Une marque de confiance du FAGACE qui opterait pour un nouveau modus operandi destin\u00e9 \u00e0 \u00ab faciliter les interventions conjointes avec les banques en Mauritanie afin de contribuer \u00e0 la croissance \u00e9conomique durable et inclusive du pays \u00bbA noter que le FAGACE mobilise plus de 3.000 milliards de FCFA pour booster des secteurs productifs strat\u00e9giques pour les pays membres.<\/p>\n","protected":false},"excerpt":{"rendered":"<p>M\u00eame si le Fonds Africain de garantie et coop\u00e9ration \u00e9conomique (FAGACE) s\u2019est montr\u00e9 \u00ab inquiet \u00bb du niveau de r\u00e9alisation des objectifs vis\u00e9s en Mauritanie, il a n\u00e9anmoins jet\u00e9 son d\u00e9volu sur la Banque BCI de Isselmou Ould Tajeddine avec laquelle le FAGACE a scell\u00e9 un nouvel accord. Une marque de confiance du FAGACE qui &hellip;<\/p>\n","protected":false},"author":2,"featured_media":4256,"comment_status":"open","ping_status":"open","sticky":false,"template":"","format":"standard","meta":{"footnotes":""},"categories":[18,2,25],"tags":[],"class_list":["post-4254","post","type-post","status-publish","format-standard","has-post-thumbnail","hentry","category-actualites","category-economie","category-en-forme"],"_links":{"self":[{"href":"https:\/\/ladepeche.mr\/index.php?rest_route=\/wp\/v2\/posts\/4254","targetHints":{"allow":["GET"]}}],"collection":[{"href":"https:\/\/ladepeche.mr\/index.php?rest_route=\/wp\/v2\/posts"}],"about":[{"href":"https:\/\/ladepeche.mr\/index.php?rest_route=\/wp\/v2\/types\/post"}],"author":[{"embeddable":true,"href":"https:\/\/ladepeche.mr\/index.php?rest_route=\/wp\/v2\/users\/2"}],"replies":[{"embeddable":true,"href":"https:\/\/ladepeche.mr\/index.php?rest_route=%2Fwp%2Fv2%2Fcomments&post=4254"}],"version-history":[{"count":2,"href":"https:\/\/ladepeche.mr\/index.php?rest_route=\/wp\/v2\/posts\/4254\/revisions"}],"predecessor-version":[{"id":4258,"href":"https:\/\/ladepeche.mr\/index.php?rest_route=\/wp\/v2\/posts\/4254\/revisions\/4258"}],"wp:featuredmedia":[{"embeddable":true,"href":"https:\/\/ladepeche.mr\/index.php?rest_route=\/wp\/v2\/media\/4256"}],"wp:attachment":[{"href":"https:\/\/ladepeche.mr\/index.php?rest_route=%2Fwp%2Fv2%2Fmedia&parent=4254"}],"wp:term":[{"taxonomy":"category","embeddable":true,"href":"https:\/\/ladepeche.mr\/index.php?rest_route=%2Fwp%2Fv2%2Fcategories&post=4254"},{"taxonomy":"post_tag","embeddable":true,"href":"https:\/\/ladepeche.mr\/index.php?rest_route=%2Fwp%2Fv2%2Ftags&post=4254"}],"curies":[{"name":"wp","href":"https:\/\/api.w.org\/{rel}","templated":true}]}}