{"id":4276,"date":"2023-02-20T09:00:45","date_gmt":"2023-02-20T09:00:45","guid":{"rendered":"https:\/\/ladepeche.mr\/?p=4276"},"modified":"2023-02-19T22:01:36","modified_gmt":"2023-02-19T22:01:36","slug":"le-ministre-des-affaires-economiques-participe-a-un-colloque-sur-le-renforcement-de-la-stabilite-dans-la-region-du-sahel","status":"publish","type":"post","link":"https:\/\/ladepeche.mr\/?p=4276","title":{"rendered":"Le ministre des Affaires \u00e9conomiques participe \u00e0 un colloque sur le renforcement \u00a0de la stabilit\u00e9 dans la r\u00e9gion du Sahel"},"content":{"rendered":"<p>Le ministre des Affaires Economiques et de la Promotion des Secteurs Productifs, M. Ousmane Mamoudou Kane, a pass\u00e9 en revue hier samedi, en sa qualit\u00e9 d&#8217;orateur principal lors d&#8217;un colloque organis\u00e9 dans le cadre des activit\u00e9s de la Conf\u00e9rence de Munich sur la S\u00e9curit\u00e9 mondiale \u00a0sur le renforcement de la stabilit\u00e9 dans la r\u00e9gion du \u00a0Sahel, les diff\u00e9rents d\u00e9fis majeurs auxquels est confront\u00e9e la r\u00e9gion du Sahel, en tant que l\u2019une des zones de conflit dans le monde. \u00a0<\/p>\n<p>Son Excellence le ministre a r\u00e9v\u00e9l\u00e9 que ces d\u00e9fis se \u00a0r\u00e9sument dans un probl\u00e8me \u00a0d\u00e9veloppemental \u00a0accentu\u00e9 \u00a0par les multiples \u00a0changements climatiques \u00a0dont souffre la r\u00e9gion.<\/p>\n<p>Ce d\u00e9fi d\u00e9veloppemental majeur s&#8217;incarne, explique-t-il, dans la propagation de la pauvret\u00e9 dans la r\u00e9gion, ayant g\u00e9n\u00e9r\u00e9 \u00a0une fragilit\u00e9 qui a \u00e9t\u00e9 aggrav\u00e9e par les cons\u00e9quences des \u00a0changements climatiques inappropri\u00e9s, \u00a0comme \u00a0la s\u00e9cheresse\u00a0 qui a particuli\u00e8rement \u00a0fragilis\u00e9 la situation de la population.<\/p>\n<p>M. Kane \u00a0a fait savoir \u00a0que les activit\u00e9s pastorales et agricoles de la r\u00e9gion, qui constituent la principale source de revenus, ont connu une forte baisse ces derni\u00e8res ann\u00e9es, contribuant ainsi \u00e0 l\u2019augmentation de la pauvret\u00e9, \u00e0 la fragilit\u00e9 de l&#8217;\u00e9conomie et \u00e0 la multiplication des disparit\u00e9s sociales.<\/p>\n<p>Le ministre a ajout\u00e9 que cette pauvret\u00e9 \u00a0a \u00e9t\u00e9\u00a0 particuli\u00e8rement \u00a0aggrav\u00e9e par la difficult\u00e9 d&#8217;acc\u00e8s aux services de base &#8211; voire inexistants &#8211; et la raret\u00e9 de l&#8217;eau odans certaines zones, ce qui a \u00a0engendr\u00e9 \u00a0des conflits entre populations, dans le contexte de \u00a0l&#8217;ins\u00e9curit\u00e9 qui y r\u00e8gne.<\/p>\n<p>Le ministre a conclu que, \u00a0le renforcement de la stabilit\u00e9 dans la r\u00e9gion du Sahel n\u00e9cessite\u00a0 une r\u00e9organisation en termes des priorit\u00e9s dans la r\u00e9gion, \u00e0 travers la mise en place \u00a0de m\u00e9canismes et \u00a0la \u00a0conception des strat\u00e9gies de lutte contre la pauvret\u00e9, tout comme la\u00a0 multiplication des investissements pour le d\u00e9veloppement de la r\u00e9gion, consid\u00e9rant que cette option est la meilleure solution pour r\u00e9soudre les \u00a0probl\u00e8mes \u00a0du d\u00e9veloppement et de la \u00a0s\u00e9curit\u00e9 \u00a0au Sahel.<\/p>\n<p>Dans ce cadre,\u00a0 il a \u00a0soulign\u00e9 l&#8217;importance de l&#8217;engagement des partenaires \u00a0pour \u00a0mobiliser des ressources et des financements \u00a0au profit de la r\u00e9gion.<\/p>\n<p>Par ailleurs,\u00a0 le ministre des Affaires \u00e9conomiques a pr\u00e9sent\u00e9 l&#8217;exp\u00e9rience de notre pays dans ce domaine, \u00e0 travers la mise en place d\u2019un m\u00e9canisme qui permet la concr\u00e9tisation de ces engagements. \u201c la Mauritanie a organis\u00e9 une table ronde pour la mobilisation des financements des projets de d\u00e9veloppement dans le \u00a0Hodh El Chargui , \u00e0 laquelle ont \u00a0\u00a0particip\u00e9 la coalition des pays du Sahel \u00a0et diff\u00e9rents partenaires financiers et techniques\u201d, a-t-il not\u00e9. <\/p>\n<p>\u00a0Au terme de sa pr\u00e9sentation, M. Ousmane Mamoudou Kane \u00a0a appel\u00e9 les partenaires \u00e0 la n\u00e9cessit\u00e9 de \u00a0soutenir cette initiative et d&#8217;autres similaires \u00e0 l&#8217;avenir en mobilisant plus rapidement les ressources, saluant l&#8217;appui qui a \u00e9t\u00e9 apport\u00e9,<br \/>\nsoulignant la n\u00e9cessit\u00e9 de boucler le reste du financement dans les plus brefs d\u00e9lais. Et ce, pour \u00e9viter la multiplication\u00a0 des \u00a0d\u00e9fis du d\u00e9veloppement , att\u00e9nuer leurs \u00a0effets et pr\u00e9venir l&#8217;\u00e9mergence \u00a0de nouveaux \u00a0d\u00e9fis.<\/p>\n<p>Ont particip\u00e9 \u00a0\u00e0 la\u00a0 conf\u00e9rence, aux c\u00f4t\u00e9s \u00a0du ministre, Mme Svenja Schulze, \u00a0ministre allemande de la Coop\u00e9ration \u00e9conomique et du D\u00e9veloppement, Mme Nathalie Louisiane, d\u00e9put\u00e9 au Parlement europ\u00e9en,\u00a0 et un certain nombre de personnalit\u00e9s \u00a0de r\u00e9f\u00e9rence \u00a0dans la r\u00e9gion du Sahel et des instances internationales.<br \/>\n(MAEPSP)<\/p>\n","protected":false},"excerpt":{"rendered":"<p>Le ministre des Affaires Economiques et de la Promotion des Secteurs Productifs, M. Ousmane Mamoudou Kane, a pass\u00e9 en revue hier samedi, en sa qualit\u00e9 d&#8217;orateur principal lors d&#8217;un colloque organis\u00e9 dans le cadre des activit\u00e9s de la Conf\u00e9rence de Munich sur la S\u00e9curit\u00e9 mondiale \u00a0sur le renforcement de la stabilit\u00e9 dans la r\u00e9gion du &hellip;<\/p>\n","protected":false},"author":2,"featured_media":4277,"comment_status":"open","ping_status":"open","sticky":false,"template":"","format":"standard","meta":{"footnotes":""},"categories":[18,2,19],"tags":[],"class_list":["post-4276","post","type-post","status-publish","format-standard","has-post-thumbnail","hentry","category-actualites","category-economie","category-tribune"],"_links":{"self":[{"href":"https:\/\/ladepeche.mr\/index.php?rest_route=\/wp\/v2\/posts\/4276","targetHints":{"allow":["GET"]}}],"collection":[{"href":"https:\/\/ladepeche.mr\/index.php?rest_route=\/wp\/v2\/posts"}],"about":[{"href":"https:\/\/ladepeche.mr\/index.php?rest_route=\/wp\/v2\/types\/post"}],"author":[{"embeddable":true,"href":"https:\/\/ladepeche.mr\/index.php?rest_route=\/wp\/v2\/users\/2"}],"replies":[{"embeddable":true,"href":"https:\/\/ladepeche.mr\/index.php?rest_route=%2Fwp%2Fv2%2Fcomments&post=4276"}],"version-history":[{"count":1,"href":"https:\/\/ladepeche.mr\/index.php?rest_route=\/wp\/v2\/posts\/4276\/revisions"}],"predecessor-version":[{"id":4278,"href":"https:\/\/ladepeche.mr\/index.php?rest_route=\/wp\/v2\/posts\/4276\/revisions\/4278"}],"wp:featuredmedia":[{"embeddable":true,"href":"https:\/\/ladepeche.mr\/index.php?rest_route=\/wp\/v2\/media\/4277"}],"wp:attachment":[{"href":"https:\/\/ladepeche.mr\/index.php?rest_route=%2Fwp%2Fv2%2Fmedia&parent=4276"}],"wp:term":[{"taxonomy":"category","embeddable":true,"href":"https:\/\/ladepeche.mr\/index.php?rest_route=%2Fwp%2Fv2%2Fcategories&post=4276"},{"taxonomy":"post_tag","embeddable":true,"href":"https:\/\/ladepeche.mr\/index.php?rest_route=%2Fwp%2Fv2%2Ftags&post=4276"}],"curies":[{"name":"wp","href":"https:\/\/api.w.org\/{rel}","templated":true}]}}