{"id":4283,"date":"2023-02-20T12:26:42","date_gmt":"2023-02-20T12:26:42","guid":{"rendered":"https:\/\/ladepeche.mr\/?p=4283"},"modified":"2023-02-20T13:20:08","modified_gmt":"2023-02-20T13:20:08","slug":"etat-de-sante-de-lancien-president-asma-abdel-aziz-dit-tenir-le-president-ghazwani-et-son-regime-responsables-de-tout-prejudice-subi-par-son-pere","status":"publish","type":"post","link":"https:\/\/ladepeche.mr\/?p=4283","title":{"rendered":"Etat de sant\u00e9 de l&#8217;ancien pr\u00e9sident: Asma Abdel Aziz dit tenir le pr\u00e9sident Ghazwani et son r\u00e9gime \u00abresponsables de tout pr\u00e9judice \u00bb subi par son p\u00e8re"},"content":{"rendered":"<p>\u00abJe mets le pr\u00e9sident Ould Al-Ghazwani et son r\u00e9gime devant leurs responsabilit\u00e9s et les tiens pour responsables de tout pr\u00e9judice que pourrait subir mon p\u00e8re \u00e0 l&#8217;int\u00e9rieur de leurs centres de d\u00e9tention \u00bb \u00e9crit Asma Abdel Aziz dans un courrier \u00e9voquant l\u2019\u00e9tat sant\u00e9 de l\u2019ancien pr\u00e9sident, Mohamed Ould Abdel Aziz.<br \/>\nCette d\u00e9claration ressort d\u2019un courrier diffus\u00e9 par nos confr\u00e8res du \u00abCalame \u00bb adress\u00e9 \u00e0 l\u2019opinion publique indique l\u2019auteure pr\u00e9cisant que son p\u00e8re fait face \u00e0 une maladie \u00ab en raison d&#8217;une forte hausse de la pression art\u00e9rielle qui n\u00e9cessita la pr\u00e9sence d&#8217;un m\u00e9decin \u00bb.<br \/>\nLa fille ain\u00e9e de l\u2019ancien pr\u00e9sident r\u00e9v\u00e8le que son p\u00e8re et ses coaccus\u00e9s ne sont pas log\u00e9s \u00e0 la m\u00eame enseigne car pendant que son p\u00e8re est maintenu dans l\u2019isolement, sans possibilit\u00e9 de faire du sport ou de profiter des rayons de soleil, ses coaccus\u00e9s, eux, sont log\u00e9s dans des appartements luxueux. L\u2019ancien pr\u00e9sident serait, de sa perspective, sous \u00ab le poids d\u2019une torture psychologique \u00bb de la part du r\u00e9gime actuel.<br \/>\nAsma Abdel Aziz estime enfin que le proc\u00e8s intent\u00e9 \u00e0 son p\u00e8re n\u2019aurait d\u2019autre finalit\u00e9 que \u2018d\u2019emp\u00eacher mon p\u00e8re, qu\u2019Allah le prot\u00e8ge, d&#8217;exercer son droit politique \u00bb. Fin de citation.<br \/>\nL\u2019ancien pr\u00e9sident comparait depuis le 25 janvier 2023 dans le cadre d\u2019un proc\u00e8s public dont une premi\u00e8re issue sera connue avec la r\u00e9ponse attendu du conseil constitutionnel apr\u00e8s un renvoi par la cour criminelle, le 13 f\u00e9vrier 2023, d\u2019un recours contre constitutionnalit\u00e9 de la proc\u00e9dure.<br \/>\nredaction@ladepeche.mr<br \/>\nwww.ladepeche.mr <\/p>\n","protected":false},"excerpt":{"rendered":"<p>\u00abJe mets le pr\u00e9sident Ould Al-Ghazwani et son r\u00e9gime devant leurs responsabilit\u00e9s et les tiens pour responsables de tout pr\u00e9judice que pourrait subir mon p\u00e8re \u00e0 l&#8217;int\u00e9rieur de leurs centres de d\u00e9tention \u00bb \u00e9crit Asma Abdel Aziz dans un courrier \u00e9voquant l\u2019\u00e9tat sant\u00e9 de l\u2019ancien pr\u00e9sident, Mohamed Ould Abdel Aziz. Cette d\u00e9claration ressort d\u2019un courrier &hellip;<\/p>\n","protected":false},"author":2,"featured_media":4288,"comment_status":"open","ping_status":"open","sticky":false,"template":"","format":"standard","meta":{"footnotes":""},"categories":[18],"tags":[],"class_list":["post-4283","post","type-post","status-publish","format-standard","has-post-thumbnail","hentry","category-actualites"],"_links":{"self":[{"href":"https:\/\/ladepeche.mr\/index.php?rest_route=\/wp\/v2\/posts\/4283","targetHints":{"allow":["GET"]}}],"collection":[{"href":"https:\/\/ladepeche.mr\/index.php?rest_route=\/wp\/v2\/posts"}],"about":[{"href":"https:\/\/ladepeche.mr\/index.php?rest_route=\/wp\/v2\/types\/post"}],"author":[{"embeddable":true,"href":"https:\/\/ladepeche.mr\/index.php?rest_route=\/wp\/v2\/users\/2"}],"replies":[{"embeddable":true,"href":"https:\/\/ladepeche.mr\/index.php?rest_route=%2Fwp%2Fv2%2Fcomments&post=4283"}],"version-history":[{"count":3,"href":"https:\/\/ladepeche.mr\/index.php?rest_route=\/wp\/v2\/posts\/4283\/revisions"}],"predecessor-version":[{"id":4289,"href":"https:\/\/ladepeche.mr\/index.php?rest_route=\/wp\/v2\/posts\/4283\/revisions\/4289"}],"wp:featuredmedia":[{"embeddable":true,"href":"https:\/\/ladepeche.mr\/index.php?rest_route=\/wp\/v2\/media\/4288"}],"wp:attachment":[{"href":"https:\/\/ladepeche.mr\/index.php?rest_route=%2Fwp%2Fv2%2Fmedia&parent=4283"}],"wp:term":[{"taxonomy":"category","embeddable":true,"href":"https:\/\/ladepeche.mr\/index.php?rest_route=%2Fwp%2Fv2%2Fcategories&post=4283"},{"taxonomy":"post_tag","embeddable":true,"href":"https:\/\/ladepeche.mr\/index.php?rest_route=%2Fwp%2Fv2%2Ftags&post=4283"}],"curies":[{"name":"wp","href":"https:\/\/api.w.org\/{rel}","templated":true}]}}