{"id":4293,"date":"2023-02-20T18:54:55","date_gmt":"2023-02-20T18:54:55","guid":{"rendered":"https:\/\/ladepeche.mr\/?p=4293"},"modified":"2023-02-20T18:54:55","modified_gmt":"2023-02-20T18:54:55","slug":"le-president-mauritanien-mohamed-ould-cheikh-el-ghazouani-prend-la-tete-du-g5-sahel","status":"publish","type":"post","link":"https:\/\/ladepeche.mr\/?p=4293","title":{"rendered":"Le pr\u00e9sident mauritanien Mohamed Ould Cheikh El Ghazouani prend la t\u00eate du G5 Sahel"},"content":{"rendered":"<p>Il a \u00e9t\u00e9 d\u00e9sign\u00e9 \u00e0 l\u2019issue du 6\u00e8me Sommet extraordinaire des chefs d\u2019Etat du G5 Sahel, organis\u00e9 ce lundi 20 f\u00e9vrier 2023 \u00e0 N\u2019Djamena, capitale du Tchad.<\/p>\n<p>Les chefs d\u2019Etat du G5 Sahel se sont r\u00e9unis en session extraordinaire sous le th\u00e8me : \u00ab Coop\u00e9ration r\u00e9gionale en mati\u00e8re de d\u00e9veloppement et de s\u00e9curit\u00e9. \u00bb <\/p>\n<p>Les travaux ont connu la participation du, mauritanien Mohamed Oul Al Ghazouani, son homologue du Niger, Mohamed Bazoum, celui du ministre de la D\u00e9fense du Burkina-Faso, Kassoum Coulibaly, repr\u00e9sentant le Pr\u00e9sident et des repr\u00e9sentants des partenaires techniques et financiers du G5 Sahel et de Mahamat Idriss Deby, pr\u00e9sident de la transition au Tchad. <\/p>\n<p>C\u2019est ce dernier qui a pass\u00e9 le t\u00e9moin \u00e0 son successeur, le pr\u00e9sident mauritanien Mohamed Ould El Ghazouani.<\/p>\n<p>Les chefs d\u2019Etat ont \u00e9galement discut\u00e9 de la situation actuelle du G5 Sahel dans un contexte socio-\u00e9conomique et s\u00e9curitaire difficile. Ils ont relev\u00e9 avec gravit\u00e9 les cons\u00e9quences de la crise politique et institutionnelle suite au retrait du Mali de l\u2019organisation. <\/p>\n<p>Ils entendent travailler ensemble et poursuivre les n\u00e9gociations pour ramener le ce membre fondateur dans l\u2019organisation. En effet c\u2019est la premi\u00e8re fois que Bamako n\u2019est pas repr\u00e9sent\u00e9 \u00e0 une assise du G5 Sahel depuis 2014, date de sa cr\u00e9ation.<\/p>\n<p>Le prochain Sommet ordinaire du G5 Sahel se tiendra \u00e0 Niamey, capitale du Niger.<br \/>\nJournal du Tchad via cridem<\/p>\n","protected":false},"excerpt":{"rendered":"<p>Il a \u00e9t\u00e9 d\u00e9sign\u00e9 \u00e0 l\u2019issue du 6\u00e8me Sommet extraordinaire des chefs d\u2019Etat du G5 Sahel, organis\u00e9 ce lundi 20 f\u00e9vrier 2023 \u00e0 N\u2019Djamena, capitale du Tchad. Les chefs d\u2019Etat du G5 Sahel se sont r\u00e9unis en session extraordinaire sous le th\u00e8me : \u00ab Coop\u00e9ration r\u00e9gionale en mati\u00e8re de d\u00e9veloppement et de s\u00e9curit\u00e9. \u00bb Les &hellip;<\/p>\n","protected":false},"author":2,"featured_media":4295,"comment_status":"open","ping_status":"open","sticky":false,"template":"","format":"standard","meta":{"footnotes":""},"categories":[18,29,28,1],"tags":[],"class_list":["post-4293","post","type-post","status-publish","format-standard","has-post-thumbnail","hentry","category-actualites","category-monde","category-sahel","category-uncategorized"],"_links":{"self":[{"href":"https:\/\/ladepeche.mr\/index.php?rest_route=\/wp\/v2\/posts\/4293","targetHints":{"allow":["GET"]}}],"collection":[{"href":"https:\/\/ladepeche.mr\/index.php?rest_route=\/wp\/v2\/posts"}],"about":[{"href":"https:\/\/ladepeche.mr\/index.php?rest_route=\/wp\/v2\/types\/post"}],"author":[{"embeddable":true,"href":"https:\/\/ladepeche.mr\/index.php?rest_route=\/wp\/v2\/users\/2"}],"replies":[{"embeddable":true,"href":"https:\/\/ladepeche.mr\/index.php?rest_route=%2Fwp%2Fv2%2Fcomments&post=4293"}],"version-history":[{"count":2,"href":"https:\/\/ladepeche.mr\/index.php?rest_route=\/wp\/v2\/posts\/4293\/revisions"}],"predecessor-version":[{"id":4296,"href":"https:\/\/ladepeche.mr\/index.php?rest_route=\/wp\/v2\/posts\/4293\/revisions\/4296"}],"wp:featuredmedia":[{"embeddable":true,"href":"https:\/\/ladepeche.mr\/index.php?rest_route=\/wp\/v2\/media\/4295"}],"wp:attachment":[{"href":"https:\/\/ladepeche.mr\/index.php?rest_route=%2Fwp%2Fv2%2Fmedia&parent=4293"}],"wp:term":[{"taxonomy":"category","embeddable":true,"href":"https:\/\/ladepeche.mr\/index.php?rest_route=%2Fwp%2Fv2%2Fcategories&post=4293"},{"taxonomy":"post_tag","embeddable":true,"href":"https:\/\/ladepeche.mr\/index.php?rest_route=%2Fwp%2Fv2%2Ftags&post=4293"}],"curies":[{"name":"wp","href":"https:\/\/api.w.org\/{rel}","templated":true}]}}