{"id":4305,"date":"2023-02-21T18:19:00","date_gmt":"2023-02-21T18:19:00","guid":{"rendered":"https:\/\/ladepeche.mr\/?p=4305"},"modified":"2023-02-21T18:33:24","modified_gmt":"2023-02-21T18:33:24","slug":"politique-parti-adhesion-lancien-ministre-de-la-justice-et-ex-president-de-la-cour-supreme-bal-amadou-tijane-rejoint-le-parti-al-islah","status":"publish","type":"post","link":"https:\/\/ladepeche.mr\/?p=4305","title":{"rendered":"Politique-parti-adh\u00e9sion : L\u2019ancien ministre de la Justice et ex-pr\u00e9sident de la Cour Supr\u00eame, Me Bal Amadou Tijane, rejoint le parti \u00abAl Islah\u00bb"},"content":{"rendered":"<p>L\u2019ancien ministre de la Justice et ex-pr\u00e9sident de la Cour Supr\u00eame, Me Bal Amadou Tijane, a officiellement rejoint mardi le parti Islah. Le ralliement de Me Bal Amadou Tijane \u00e0 cette formation politique a \u00e9t\u00e9 annonc\u00e9 \u00e0 l\u2019issue d\u2019une rencontre, avec le pr\u00e9sident de \u00abAl Islah \u00bb, Mohamed Ould Talebna.<br \/>\nDans une d\u00e9claration qui lui est attribu\u00e9e, pour la circonstance, Me Bal Amadou Tijane, a indiqu\u00e9 qu&#8217;il n&#8217;avait jamais, de sa vie, adh\u00e9r\u00e9 \u00e0 un parti ou \u00e0 un groupe politique parce peu convaincu de l&#8217;approche politique et organisationnelle fondant les partis politiques nationaux et tout ce qui les a entach\u00e9s conduisant \u00e0 une crise de confiance au sein de l&#8217;\u00e9lite nationale.<br \/>\nIl a, par ailleurs, souhait\u00e9 que le parti \u00abAl Islah \u00bb, qu\u2019il vient de rejoindre surmonte de telles tares. Pour Me Bal la confiance que lui inspire le leadership du parti, \u00e0 travers ses qualit\u00e9s morales, ses principes politiques et son aura nationale, doubl\u00e9s de l\u2019engagement du parti pour la r\u00e9ussite du programme de Son Excellence le Pr\u00e9sident de la R\u00e9publique, Mohamed Ould Cheikh El-Ghazouani, sont autant de raisons pour y inscrire son action et son combat politique.<br \/>\nMe Bal Amadou Tijane, conseiller juridique aux Nations Unies, \u00e0 une grande r\u00e9putation et grande aura sociale et spirituelle au Gorgol et dans la vall\u00e9e. Il pourrait, sans doute, servir pour rehausser la pr\u00e9sence du parti \u00abAl Islah \u00bb, en drainant une grande frange de ces populations lors des prochaines consultations \u00e9lectorales dans le pays.<br \/>\nredaction@ladepeche.mr<\/p>\n","protected":false},"excerpt":{"rendered":"<p>L\u2019ancien ministre de la Justice et ex-pr\u00e9sident de la Cour Supr\u00eame, Me Bal Amadou Tijane, a officiellement rejoint mardi le parti Islah. Le ralliement de Me Bal Amadou Tijane \u00e0 cette formation politique a \u00e9t\u00e9 annonc\u00e9 \u00e0 l\u2019issue d\u2019une rencontre, avec le pr\u00e9sident de \u00abAl Islah \u00bb, Mohamed Ould Talebna. Dans une d\u00e9claration qui lui &hellip;<\/p>\n","protected":false},"author":2,"featured_media":4308,"comment_status":"open","ping_status":"open","sticky":false,"template":"","format":"standard","meta":{"footnotes":""},"categories":[18],"tags":[],"class_list":["post-4305","post","type-post","status-publish","format-standard","has-post-thumbnail","hentry","category-actualites"],"_links":{"self":[{"href":"https:\/\/ladepeche.mr\/index.php?rest_route=\/wp\/v2\/posts\/4305","targetHints":{"allow":["GET"]}}],"collection":[{"href":"https:\/\/ladepeche.mr\/index.php?rest_route=\/wp\/v2\/posts"}],"about":[{"href":"https:\/\/ladepeche.mr\/index.php?rest_route=\/wp\/v2\/types\/post"}],"author":[{"embeddable":true,"href":"https:\/\/ladepeche.mr\/index.php?rest_route=\/wp\/v2\/users\/2"}],"replies":[{"embeddable":true,"href":"https:\/\/ladepeche.mr\/index.php?rest_route=%2Fwp%2Fv2%2Fcomments&post=4305"}],"version-history":[{"count":6,"href":"https:\/\/ladepeche.mr\/index.php?rest_route=\/wp\/v2\/posts\/4305\/revisions"}],"predecessor-version":[{"id":4315,"href":"https:\/\/ladepeche.mr\/index.php?rest_route=\/wp\/v2\/posts\/4305\/revisions\/4315"}],"wp:featuredmedia":[{"embeddable":true,"href":"https:\/\/ladepeche.mr\/index.php?rest_route=\/wp\/v2\/media\/4308"}],"wp:attachment":[{"href":"https:\/\/ladepeche.mr\/index.php?rest_route=%2Fwp%2Fv2%2Fmedia&parent=4305"}],"wp:term":[{"taxonomy":"category","embeddable":true,"href":"https:\/\/ladepeche.mr\/index.php?rest_route=%2Fwp%2Fv2%2Fcategories&post=4305"},{"taxonomy":"post_tag","embeddable":true,"href":"https:\/\/ladepeche.mr\/index.php?rest_route=%2Fwp%2Fv2%2Ftags&post=4305"}],"curies":[{"name":"wp","href":"https:\/\/api.w.org\/{rel}","templated":true}]}}