{"id":4316,"date":"2023-02-21T18:40:59","date_gmt":"2023-02-21T18:40:59","guid":{"rendered":"https:\/\/ladepeche.mr\/?p=4316"},"modified":"2023-02-21T18:40:59","modified_gmt":"2023-02-21T18:40:59","slug":"la-cedeao-reste-ferme-face-aux-juntes-de-la-sous-region","status":"publish","type":"post","link":"https:\/\/ladepeche.mr\/?p=4316","title":{"rendered":"La C\u00e9d\u00e9ao reste ferme face aux juntes de la sous-r\u00e9gion"},"content":{"rendered":"<p>La Communaut\u00e9 \u00e9conomique des Etats de l\u2019Afrique de l\u2019Ouest (C\u00e9d\u00e9ao) est rest\u00e9e tr\u00e8s ferme face au Burkina Faso, au Mali et \u00e0 la Guin\u00e9e en maintenant les sanctions qui frappent ces trois Etats membres dirig\u00e9s par des militaires suite \u00e0 des coups d\u2019Etat et en y ajoutant l\u2019interdiction de voyager des membres du gouvernement de ces pays.<\/p>\n<p>Le communiqu\u00e9 final de la Conf\u00e9rence des chefs d\u2019Etat de la C\u00e9d\u00e9ao tenue en marge de la 36\u00e8me session ordinaire de l\u2019Union africaine le week-end dernier \u00e0 Addis-Abeba a douch\u00e9 est sans ambages : \u00abLa Conf\u00e9rence des chefs d\u2019Etat a d\u00e9cid\u00e9 le maintien des sanctions \u00e0 l\u2019encontre des trois pays et d\u2019imposer une interdiction de voyager aux membres du gouvernement et autres hauts fonctionnaires de ces pays\u00bb. L\u2019intense activit\u00e9 de lobbying men\u00e9e par les chefs de diplomatie de Conakry, Bamako et Ouagadougou dans les couloirs du si\u00e8ge de l\u2019Union africaine n\u2019a pas suffi \u00e0 infl\u00e9chir la doctrine de la C\u00e9d\u00e9ao sur les changements non constitutionnels de pouvoir. Les dirigeants de la sous-r\u00e9gion ont n\u00e9anmoins rappel\u00e9 \u00abla n\u00e9cessit\u00e9 d\u2019ouvrir l\u2019espace politique \u00e0 tous les acteurs des trois pays et d\u2019assurer un dialogue politique inclusif\u00bb.<\/p>\n<p>Ils affirment \u00abavoir pris note des rapports pr\u00e9sent\u00e9s sur la mise en \u0153uvre des feuilles de route de transition au Burkina Faso, en Guin\u00e9e et au Mali tout en relevant avec pr\u00e9occupation, les graves d\u00e9fis s\u00e9curitaires et humanitaires en particulier au Burkina Faso et au Mali \u00bb.<\/p>\n<blockquote class=\"wp-embedded-content\" data-secret=\"SYXzboGdrN\"><p><a href=\"https:\/\/afrimag.net\/la-cedeao-reste-ferme-face-aux-juntes-de-la-sous-region\/\">La C\u00e9d\u00e9ao\u00a0reste ferme face aux juntes de la sous-r\u00e9gion<\/a><\/p><\/blockquote>\n<p><iframe loading=\"lazy\" class=\"wp-embedded-content\" sandbox=\"allow-scripts\" security=\"restricted\" style=\"position: absolute; clip: rect(1px, 1px, 1px, 1px);\" title=\"\u00ab\u00a0La C\u00e9d\u00e9ao\u00a0reste ferme face aux juntes de la sous-r\u00e9gion\u00a0\u00bb &#8212; Afrimag\" src=\"https:\/\/afrimag.net\/la-cedeao-reste-ferme-face-aux-juntes-de-la-sous-region\/embed\/#?secret=UyQn0gxfcx#?secret=SYXzboGdrN\" data-secret=\"SYXzboGdrN\" width=\"500\" height=\"282\" frameborder=\"0\" marginwidth=\"0\" marginheight=\"0\" scrolling=\"no\"><\/iframe><\/p>\n","protected":false},"excerpt":{"rendered":"<p>La Communaut\u00e9 \u00e9conomique des Etats de l\u2019Afrique de l\u2019Ouest (C\u00e9d\u00e9ao) est rest\u00e9e tr\u00e8s ferme face au Burkina Faso, au Mali et \u00e0 la Guin\u00e9e en maintenant les sanctions qui frappent ces trois Etats membres dirig\u00e9s par des militaires suite \u00e0 des coups d\u2019Etat et en y ajoutant l\u2019interdiction de voyager des membres du gouvernement de &hellip;<\/p>\n","protected":false},"author":2,"featured_media":4317,"comment_status":"open","ping_status":"open","sticky":false,"template":"","format":"standard","meta":{"footnotes":""},"categories":[29,28],"tags":[],"class_list":["post-4316","post","type-post","status-publish","format-standard","has-post-thumbnail","hentry","category-monde","category-sahel"],"_links":{"self":[{"href":"https:\/\/ladepeche.mr\/index.php?rest_route=\/wp\/v2\/posts\/4316","targetHints":{"allow":["GET"]}}],"collection":[{"href":"https:\/\/ladepeche.mr\/index.php?rest_route=\/wp\/v2\/posts"}],"about":[{"href":"https:\/\/ladepeche.mr\/index.php?rest_route=\/wp\/v2\/types\/post"}],"author":[{"embeddable":true,"href":"https:\/\/ladepeche.mr\/index.php?rest_route=\/wp\/v2\/users\/2"}],"replies":[{"embeddable":true,"href":"https:\/\/ladepeche.mr\/index.php?rest_route=%2Fwp%2Fv2%2Fcomments&post=4316"}],"version-history":[{"count":1,"href":"https:\/\/ladepeche.mr\/index.php?rest_route=\/wp\/v2\/posts\/4316\/revisions"}],"predecessor-version":[{"id":4318,"href":"https:\/\/ladepeche.mr\/index.php?rest_route=\/wp\/v2\/posts\/4316\/revisions\/4318"}],"wp:featuredmedia":[{"embeddable":true,"href":"https:\/\/ladepeche.mr\/index.php?rest_route=\/wp\/v2\/media\/4317"}],"wp:attachment":[{"href":"https:\/\/ladepeche.mr\/index.php?rest_route=%2Fwp%2Fv2%2Fmedia&parent=4316"}],"wp:term":[{"taxonomy":"category","embeddable":true,"href":"https:\/\/ladepeche.mr\/index.php?rest_route=%2Fwp%2Fv2%2Fcategories&post=4316"},{"taxonomy":"post_tag","embeddable":true,"href":"https:\/\/ladepeche.mr\/index.php?rest_route=%2Fwp%2Fv2%2Ftags&post=4316"}],"curies":[{"name":"wp","href":"https:\/\/api.w.org\/{rel}","templated":true}]}}