{"id":4322,"date":"2023-02-21T20:00:10","date_gmt":"2023-02-21T20:00:10","guid":{"rendered":"https:\/\/ladepeche.mr\/?p=4322"},"modified":"2023-02-21T19:03:36","modified_gmt":"2023-02-21T19:03:36","slug":"accord-dexploration-et-de-partage-de-production-entre-la-mauritanie-et-la-compagnie-shell","status":"publish","type":"post","link":"https:\/\/ladepeche.mr\/?p=4322","title":{"rendered":"Accord d\u2019exploration et de partage de production entre la Mauritanie et la Compagnie SHELL"},"content":{"rendered":"<p>La Mauritanie et la Compagnie internationale Shell ont sign\u00e9, mardi \u00e0 Nouakchott, un accord d\u2019exploration et de partage de production au niveau de la section C2 du bassin c\u00f4tier dans les eaux territoriales mauritaniennes.<\/p>\n<p>L\u2019accord, qui confirme l\u2019attractivit\u00e9 de notre pays et sa capacit\u00e9 \u00e0 attirer d\u2019importants investissements \u00e9trangers, vise \u00e0 \u00e9largir l\u2019espace des relev\u00e9s sismiques 3D dans des endroits pr\u00e9cis suppos\u00e9s contenir des hydrocarbures.<br \/>\nL\u2019accord a \u00e9t\u00e9 sign\u00e9 c\u00f4t\u00e9 mauritanien par M. Abdesselam Mohamed Saleh, ministre du P\u00e9trole, des Mines et de l\u2019Energie, et par le premier vice-pr\u00e9sident de la compagnie Shell, charg\u00e9 des op\u00e9rations d\u2019exploration dans la zone ouest et les eaux profondes, M. William Langin.<\/p>\n<p>Dans le mot qu\u2019il a prononc\u00e9 pour la circonstance, le ministre a indiqu\u00e9 que l\u2019accord traduit la qualit\u00e9 et le poids du partenariat strat\u00e9gique liant l\u2019Etat mauritanien et la Compagnie Shell.<\/p>\n<p>Il a ajout\u00e9 que ce partenariat rev\u00eat un int\u00e9r\u00eat particulier pour le Pr\u00e9sident de la R\u00e9publique, Monsieur Mohamed Ould Cheikh El Ghazouani, et que le minist\u00e8re s\u2019emploie \u00e0 le d\u00e9velopper \u00e0 travers d\u2019autres formes de partenariat dans des domaines comme l\u2019exploration, la formation et l\u2019aide technique.<\/p>\n<p>Ould Mohamed Salem a, \u00e9galement, affirm\u00e9 que la signature de cet accord s\u2019inscrit dans le cadre de la mise en \u0153uvre du programme du Pr\u00e9sident de la R\u00e9publique visant \u00e0 exploiter nos potentialit\u00e9s \u00e9nerg\u00e9tiques et l\u2019int\u00e9gration du secteur des hydrocarbures dans le circuit \u00e9conomique.<br \/>\nLe ministre a, en outre, soulign\u00e9 que Shell, a d\u00e9j\u00e0, dans le cadre de ce partenariat, r\u00e9alis\u00e9 6205 km2 de relev\u00e9s sismiques 3D au cours de la phase d\u2019exploration actuelle au niveau de la section C10, dont l\u2019analyse des donn\u00e9es a abouti \u00e0 des indices d\u2019hydrocarbures dans certains endroits.<\/p>\n<p>De son c\u00f4t\u00e9, le premier vice-pr\u00e9sident de Shell a exprim\u00e9 sa gratitude au d\u00e9partement du p\u00e9trole, des mines et d\u2019\u00e9nergie en Mauritanie pour sa collaboration exemplaire et fructueuse avec sa compagnie.<\/p>\n<p>La c\u00e9r\u00e9monie de signature s\u2019est d\u00e9roul\u00e9e en pr\u00e9sence du secr\u00e9taire g\u00e9n\u00e9ral du minist\u00e8re et de la Cheffe de la division des nouveaux partenariats \u00e0 Shell, au c\u00f4t\u00e9 du directeur de sa filiale en Mauritanie.<br \/>\nAmi<\/p>\n","protected":false},"excerpt":{"rendered":"<p>La Mauritanie et la Compagnie internationale Shell ont sign\u00e9, mardi \u00e0 Nouakchott, un accord d\u2019exploration et de partage de production au niveau de la section C2 du bassin c\u00f4tier dans les eaux territoriales mauritaniennes. L\u2019accord, qui confirme l\u2019attractivit\u00e9 de notre pays et sa capacit\u00e9 \u00e0 attirer d\u2019importants investissements \u00e9trangers, vise \u00e0 \u00e9largir l\u2019espace des relev\u00e9s &hellip;<\/p>\n","protected":false},"author":2,"featured_media":4323,"comment_status":"open","ping_status":"open","sticky":false,"template":"","format":"standard","meta":{"footnotes":""},"categories":[18,2],"tags":[],"class_list":["post-4322","post","type-post","status-publish","format-standard","has-post-thumbnail","hentry","category-actualites","category-economie"],"_links":{"self":[{"href":"https:\/\/ladepeche.mr\/index.php?rest_route=\/wp\/v2\/posts\/4322","targetHints":{"allow":["GET"]}}],"collection":[{"href":"https:\/\/ladepeche.mr\/index.php?rest_route=\/wp\/v2\/posts"}],"about":[{"href":"https:\/\/ladepeche.mr\/index.php?rest_route=\/wp\/v2\/types\/post"}],"author":[{"embeddable":true,"href":"https:\/\/ladepeche.mr\/index.php?rest_route=\/wp\/v2\/users\/2"}],"replies":[{"embeddable":true,"href":"https:\/\/ladepeche.mr\/index.php?rest_route=%2Fwp%2Fv2%2Fcomments&post=4322"}],"version-history":[{"count":1,"href":"https:\/\/ladepeche.mr\/index.php?rest_route=\/wp\/v2\/posts\/4322\/revisions"}],"predecessor-version":[{"id":4324,"href":"https:\/\/ladepeche.mr\/index.php?rest_route=\/wp\/v2\/posts\/4322\/revisions\/4324"}],"wp:featuredmedia":[{"embeddable":true,"href":"https:\/\/ladepeche.mr\/index.php?rest_route=\/wp\/v2\/media\/4323"}],"wp:attachment":[{"href":"https:\/\/ladepeche.mr\/index.php?rest_route=%2Fwp%2Fv2%2Fmedia&parent=4322"}],"wp:term":[{"taxonomy":"category","embeddable":true,"href":"https:\/\/ladepeche.mr\/index.php?rest_route=%2Fwp%2Fv2%2Fcategories&post=4322"},{"taxonomy":"post_tag","embeddable":true,"href":"https:\/\/ladepeche.mr\/index.php?rest_route=%2Fwp%2Fv2%2Ftags&post=4322"}],"curies":[{"name":"wp","href":"https:\/\/api.w.org\/{rel}","templated":true}]}}