{"id":4325,"date":"2023-02-21T20:30:14","date_gmt":"2023-02-21T20:30:14","guid":{"rendered":"https:\/\/ladepeche.mr\/?p=4325"},"modified":"2023-02-22T12:01:27","modified_gmt":"2023-02-22T12:01:27","slug":"4325","status":"publish","type":"post","link":"https:\/\/ladepeche.mr\/?p=4325","title":{"rendered":"Football: La FFRIM et la RFEF franchissent un nouveau jalon dans leur coop\u00e9ration bilat\u00e9rale"},"content":{"rendered":"<p>La FFRIM &#8211; F\u00e9d\u00e9ration de Football de la Mauritanie et la Real Federaci\u00f3n Espa\u00f1ola de F\u00fatbol ont sign\u00e9, ce mardi 21 f\u00e9vrier \u00e0 Madrid, \u00ab Ciudad del F\u00fatbol de las Rozas \u00bb, un protocole d\u2019accord visant \u00e0 intensifier leur coop\u00e9ration bilat\u00e9rale en rehaussant les relations entre les deux institutions, annonce un communiqu\u00e9 de notre f\u00e9d\u00e9ration nationale.<\/p>\n<p>Le protocole sign\u00e9 vise \u00e0 cr\u00e9er un cadre d\u2019\u00e9change des expertises et comp\u00e9tences, dans le sillage d\u2019un partenariat engag\u00e9 par les deux pr\u00e9sidents des f\u00e9d\u00e9rations, Ahmed YAHYA (FFRIM) et Luis Rubiales de la RFEF, M. Luis Rubiales.<\/p>\n<p>Selon la m\u00eame source, l\u2019accord sign\u00e9 mardi porte sur divers domaines de d\u00e9veloppement dont la formation des entraineurs,, la formation des arbitres, l\u2019organisation de comp\u00e9titions sportives, en sciences et m\u00e9decine du sport, le football f\u00e9minin&#8230;<br \/>\nNotons que ce protocole est sign\u00e9 \u00e0 un mois de nouvelles \u00e9lections pour d\u00e9signer, le 07 avril 2023, un pr\u00e9sident de la FFRIM. M\u00eame s&#8217;il observe encore le silence son intention de briguer, \u00e0 nouveau le poste, le pr\u00e9sident sortant, Ahmed Yahya, serait candidat \u00e0 sa propre succession.<br \/>\nredaction@ladepeche.mr<\/p>\n","protected":false},"excerpt":{"rendered":"<p>La FFRIM &#8211; F\u00e9d\u00e9ration de Football de la Mauritanie et la Real Federaci\u00f3n Espa\u00f1ola de F\u00fatbol ont sign\u00e9, ce mardi 21 f\u00e9vrier \u00e0 Madrid, \u00ab Ciudad del F\u00fatbol de las Rozas \u00bb, un protocole d\u2019accord visant \u00e0 intensifier leur coop\u00e9ration bilat\u00e9rale en rehaussant les relations entre les deux institutions, annonce un communiqu\u00e9 de notre f\u00e9d\u00e9ration &hellip;<\/p>\n","protected":false},"author":2,"featured_media":4326,"comment_status":"open","ping_status":"open","sticky":false,"template":"","format":"standard","meta":{"footnotes":""},"categories":[18,17],"tags":[],"class_list":["post-4325","post","type-post","status-publish","format-standard","has-post-thumbnail","hentry","category-actualites","category-sports"],"_links":{"self":[{"href":"https:\/\/ladepeche.mr\/index.php?rest_route=\/wp\/v2\/posts\/4325","targetHints":{"allow":["GET"]}}],"collection":[{"href":"https:\/\/ladepeche.mr\/index.php?rest_route=\/wp\/v2\/posts"}],"about":[{"href":"https:\/\/ladepeche.mr\/index.php?rest_route=\/wp\/v2\/types\/post"}],"author":[{"embeddable":true,"href":"https:\/\/ladepeche.mr\/index.php?rest_route=\/wp\/v2\/users\/2"}],"replies":[{"embeddable":true,"href":"https:\/\/ladepeche.mr\/index.php?rest_route=%2Fwp%2Fv2%2Fcomments&post=4325"}],"version-history":[{"count":4,"href":"https:\/\/ladepeche.mr\/index.php?rest_route=\/wp\/v2\/posts\/4325\/revisions"}],"predecessor-version":[{"id":4330,"href":"https:\/\/ladepeche.mr\/index.php?rest_route=\/wp\/v2\/posts\/4325\/revisions\/4330"}],"wp:featuredmedia":[{"embeddable":true,"href":"https:\/\/ladepeche.mr\/index.php?rest_route=\/wp\/v2\/media\/4326"}],"wp:attachment":[{"href":"https:\/\/ladepeche.mr\/index.php?rest_route=%2Fwp%2Fv2%2Fmedia&parent=4325"}],"wp:term":[{"taxonomy":"category","embeddable":true,"href":"https:\/\/ladepeche.mr\/index.php?rest_route=%2Fwp%2Fv2%2Fcategories&post=4325"},{"taxonomy":"post_tag","embeddable":true,"href":"https:\/\/ladepeche.mr\/index.php?rest_route=%2Fwp%2Fv2%2Ftags&post=4325"}],"curies":[{"name":"wp","href":"https:\/\/api.w.org\/{rel}","templated":true}]}}