{"id":4341,"date":"2023-02-22T19:49:04","date_gmt":"2023-02-22T19:49:04","guid":{"rendered":"https:\/\/ladepeche.mr\/?p=4341"},"modified":"2023-02-22T19:49:04","modified_gmt":"2023-02-22T19:49:04","slug":"au-conseil-des-ministres-revalorisation-des-salaires-des-fonctionnaires-et-agents-contractuels-de-letat","status":"publish","type":"post","link":"https:\/\/ladepeche.mr\/?p=4341","title":{"rendered":"Au Conseil des ministres : Revalorisation des salaires des fonctionnaires et agents contractuels de l\u2019\u00c9tat"},"content":{"rendered":"<p>&#8211; Le Conseil des Ministres s\u2019est r\u00e9uni le Mercredi 22 f\u00e9vrier 2023, sous la Pr\u00e9sidence de Son Excellence Monsieur le Pr\u00e9sident de la R\u00e9publique, Mohamed Ould Cheikh El-Ghazouani.<\/p>\n<p>Le Conseil a examin\u00e9 et adopt\u00e9 les deux projets de d\u00e9crets suivants:<\/p>\n<p>\u2010 Projet de d\u00e9cret portant convocation du coll\u00e8ge \u00e9lectoral pour l\u2019\u00e9lection des Conseillers R\u00e9gionaux et des Conseillers Municipaux.<\/p>\n<p>Le pr\u00e9sent projet de d\u00e9cret a pour principaux objectifs de convoquer le coll\u00e8ge \u00e9lectoral le samedi 13 mai 2023, en vue d\u2019\u00e9lire les Conseillers r\u00e9gionaux et municipaux, de fixer les dates ultimes pour les candidatures et la validit\u00e9 des candidatures, conform\u00e9ment aux textes l\u00e9gaux et r\u00e9glementaires en vigueur, et au chronogramme propos\u00e9 par la Commission \u00c9lectorale Nationale Ind\u00e9pendante (CENI).<\/p>\n<p>\u2010 Projet de d\u00e9cret modifiant et compl\u00e9tant certaines dispositions du d\u00e9cret n\u00b0 2016-82 du 19 avril 2016, modifi\u00e9, portant harmonisation et simplification du syst\u00e8me de r\u00e9mun\u00e9ration des fonctionnaires et agents contractuels de l\u2019Etat et de ses \u00e9tablissements publics \u00e0 caract\u00e8re administratif.<\/p>\n<p>Ce projet de d\u00e9cret vise \u00e0 honorer les engagements pris dans le cadre du Programme Taahoudaty par SEM le Pr\u00e9sident de la R\u00e9publique, en termes de promotion du pouvoir d\u2019achat des fonctionnaires et agents contractuels de l\u2019\u00c9tat, et en particulier ceux des secteurs de l\u2019\u00e9ducation nationale, de la sant\u00e9, de l\u2019enseignement sup\u00e9rieur et des affaires sociales, de l\u2019enfance et de la famille.<\/p>\n<p>Ainsi, cette promotion se traduira comme suit :<\/p>\n<p>\u2010 Le versement d\u2019une prime d\u2019incitation suppl\u00e9mentaire d\u2019une valeur de mille (1.000) MRU, nette d\u2019imp\u00f4t au profit des enseignants, des professeurs et du personnel d\u2019encadrement p\u00e9dagogique travaillant dans les \u00e9coles fondamentales et les \u00e9tablissements secondaires ;<\/p>\n<p>\u2010 La mise en \u0153uvre de la 3\u00e8me phase de l\u2019augmentation des primes du personnel du secteur de la sant\u00e9, y compris le personnel des \u00e9tablissements publics ;<\/p>\n<p>\u2010 L\u2019augmentation de deux mille (2.000) MRU nettes d\u2019imp\u00f4t pour toutes les cat\u00e9gories d\u2019employ\u00e9s et d\u2019agents contractuels de l\u2019Etat ; et<\/p>\n<p>\u2010 La mise en \u0153uvre de la 2\u00e8me phase de l\u2019augmentation des cycles de l\u2019enseignement sup\u00e9rieur 2023.<\/p>\n<p>Le Ministre des Affaires \u00c9trang\u00e8res, de la Coop\u00e9ration et des Mauritaniens de l\u2019Ext\u00e9rieur a pr\u00e9sent\u00e9 une communication relative \u00e0 la situation internationale.<\/p>\n<p>Le Ministre de l\u2019Int\u00e9rieur et de la D\u00e9centralisation a pr\u00e9sent\u00e9 une communication relative \u00e0 la situation int\u00e9rieure.<\/p>\n<p>Enfin, le Conseil a pris la mesure individuelle suivante :<\/p>\n<p>Minist\u00e8re de l\u2019\u00e9levage :<\/p>\n<p>\u00c9tablissements Publics<\/p>\n<p>Soci\u00e9t\u00e9 Mauritanienne des Produits Laitiers (SMPL)<\/p>\n<p>\u2013 Directeur G\u00e9n\u00e9ral : El Moctar Mohamed Gaguih EBEYITE, Ing\u00e9nieur en G\u00e9nie M\u00e9canique, pr\u00e9c\u00e9demment Conseiller \u00e0 la Direction G\u00e9n\u00e9rale de l\u2019Agence Nationale d\u2019Ex\u00e9cution et de Suivi des Projet (ANESP).<br \/>\nAmi<\/p>\n","protected":false},"excerpt":{"rendered":"<p>&#8211; Le Conseil des Ministres s\u2019est r\u00e9uni le Mercredi 22 f\u00e9vrier 2023, sous la Pr\u00e9sidence de Son Excellence Monsieur le Pr\u00e9sident de la R\u00e9publique, Mohamed Ould Cheikh El-Ghazouani. Le Conseil a examin\u00e9 et adopt\u00e9 les deux projets de d\u00e9crets suivants: \u2010 Projet de d\u00e9cret portant convocation du coll\u00e8ge \u00e9lectoral pour l\u2019\u00e9lection des Conseillers R\u00e9gionaux et &hellip;<\/p>\n","protected":false},"author":2,"featured_media":2120,"comment_status":"open","ping_status":"open","sticky":false,"template":"","format":"standard","meta":{"footnotes":""},"categories":[18],"tags":[],"class_list":["post-4341","post","type-post","status-publish","format-standard","has-post-thumbnail","hentry","category-actualites"],"_links":{"self":[{"href":"https:\/\/ladepeche.mr\/index.php?rest_route=\/wp\/v2\/posts\/4341","targetHints":{"allow":["GET"]}}],"collection":[{"href":"https:\/\/ladepeche.mr\/index.php?rest_route=\/wp\/v2\/posts"}],"about":[{"href":"https:\/\/ladepeche.mr\/index.php?rest_route=\/wp\/v2\/types\/post"}],"author":[{"embeddable":true,"href":"https:\/\/ladepeche.mr\/index.php?rest_route=\/wp\/v2\/users\/2"}],"replies":[{"embeddable":true,"href":"https:\/\/ladepeche.mr\/index.php?rest_route=%2Fwp%2Fv2%2Fcomments&post=4341"}],"version-history":[{"count":1,"href":"https:\/\/ladepeche.mr\/index.php?rest_route=\/wp\/v2\/posts\/4341\/revisions"}],"predecessor-version":[{"id":4342,"href":"https:\/\/ladepeche.mr\/index.php?rest_route=\/wp\/v2\/posts\/4341\/revisions\/4342"}],"wp:featuredmedia":[{"embeddable":true,"href":"https:\/\/ladepeche.mr\/index.php?rest_route=\/wp\/v2\/media\/2120"}],"wp:attachment":[{"href":"https:\/\/ladepeche.mr\/index.php?rest_route=%2Fwp%2Fv2%2Fmedia&parent=4341"}],"wp:term":[{"taxonomy":"category","embeddable":true,"href":"https:\/\/ladepeche.mr\/index.php?rest_route=%2Fwp%2Fv2%2Fcategories&post=4341"},{"taxonomy":"post_tag","embeddable":true,"href":"https:\/\/ladepeche.mr\/index.php?rest_route=%2Fwp%2Fv2%2Ftags&post=4341"}],"curies":[{"name":"wp","href":"https:\/\/api.w.org\/{rel}","templated":true}]}}