{"id":4356,"date":"2023-02-23T11:29:51","date_gmt":"2023-02-23T11:29:51","guid":{"rendered":"https:\/\/ladepeche.mr\/?p=4356"},"modified":"2023-02-23T11:30:28","modified_gmt":"2023-02-23T11:30:28","slug":"organisation-des-elections-convocation-du-college-electoral","status":"publish","type":"post","link":"https:\/\/ladepeche.mr\/?p=4356","title":{"rendered":"Organisation des \u00e9lections: Convocation du coll\u00e8ge \u00e9lectoral et d\u00e9tails sur le processus"},"content":{"rendered":"<p>Le conseil des ministres a adopt\u00e9 un projet de d\u00e9cret approuvant une communication du ministre de l&#8217;int\u00e9rieur, Mohamed Ahmed Ould Mohamed Lemine, proposant, sur la base des suggestions de la CENI, la convocation du coll\u00e8ge \u00e9lectoral pour l\u2019\u00e9lection des conseillers r\u00e9gionaux et municipaux pour samedi 13 mai 2023.<br \/>\nLe d\u00e9cret a pour but de fixer un calendrier conforme au chronogramme de la CENI pour les d\u00e9buts et fins de d\u00e9p\u00f4t et  validit\u00e9 des candidatures \u00e0 ces \u00e9lections.<br \/>\nLe ministre reviendra sur ces aspects en pr\u00e9cisant que les \u00e9lections se feront en un seul tour du fait de l&#8217;application de la proportionnelle dans le choix des conseils municipaux et r\u00e9gionaux. 25 partis politiques seraient concern\u00e9s pour briguer les suffrages dans 238 communes et 15 conseils r\u00e9gionaux sur l&#8217;ensemble du territoire nationale. Ces conseillers sont \u00e9valu\u00e9s \u00e0 un peu plus de 4500 personnes dont 60% assure le ministre de l&#8217;int\u00e9rieur pourraient \u00eatre nouveaux sur cet \u00e9chiquier. Et pour cette raison, le ministre a expliqu\u00e9 qu&#8217;ils ne seraient pas probablement en phase avec les exigences pos\u00e9es pour chaque candidature. Ould Mohamed Lemine a expliqu\u00e9 dans ce sens que parmi les conditions sine qua non pour chaque chaque candidat comme la pr\u00e9sentation d&#8217;une carte nationale d&#8217;identit\u00e9, certificat de r\u00e9sidence, un re\u00e7u d&#8217;exon\u00e9ration de taxes, un casier judiciaire vierge et le paiement au tr\u00e9sor public d&#8217;un montant de 5000 MRU. Un d\u00e9lai de 20 jours, \u00e0 partir du 14 mars, est observ\u00e9 pr\u00e9cise encore le ministre dont 10 jours pour le d\u00e9p\u00f4t de candidature et 10 jours pour la validation de cette candidature. Tous les dossiers de candidatures sont transmis via les repr\u00e9sentations et d\u00e9membrement de la CENI; la CENI centrale non concern\u00e9e. Enfin le ministre a indiqu\u00e9 qu&#8217;en de refus du dossier de candidature, chaque candidat pourrait ester devant la chambre administrative de la Cour Supr\u00eame.<br \/>\nEnfin s&#8217;agissant des activit\u00e9s de campagnes, le ministre a indiqu\u00e9 que les administrations territoriales seraient sensibilis\u00e9es \u00e0 la bonne gestion des manifestations de campagnes en fonction d&#8217;un planning qui sera \u00e9tabli avec les responsables des campagnes des candidats.<\/p>\n","protected":false},"excerpt":{"rendered":"<p>Le conseil des ministres a adopt\u00e9 un projet de d\u00e9cret approuvant une communication du ministre de l&#8217;int\u00e9rieur, Mohamed Ahmed Ould Mohamed Lemine, proposant, sur la base des suggestions de la CENI, la convocation du coll\u00e8ge \u00e9lectoral pour l\u2019\u00e9lection des conseillers r\u00e9gionaux et municipaux pour samedi 13 mai 2023. Le d\u00e9cret a pour but de fixer &hellip;<\/p>\n","protected":false},"author":2,"featured_media":4357,"comment_status":"open","ping_status":"open","sticky":false,"template":"","format":"standard","meta":{"footnotes":""},"categories":[18],"tags":[],"class_list":["post-4356","post","type-post","status-publish","format-standard","has-post-thumbnail","hentry","category-actualites"],"_links":{"self":[{"href":"https:\/\/ladepeche.mr\/index.php?rest_route=\/wp\/v2\/posts\/4356","targetHints":{"allow":["GET"]}}],"collection":[{"href":"https:\/\/ladepeche.mr\/index.php?rest_route=\/wp\/v2\/posts"}],"about":[{"href":"https:\/\/ladepeche.mr\/index.php?rest_route=\/wp\/v2\/types\/post"}],"author":[{"embeddable":true,"href":"https:\/\/ladepeche.mr\/index.php?rest_route=\/wp\/v2\/users\/2"}],"replies":[{"embeddable":true,"href":"https:\/\/ladepeche.mr\/index.php?rest_route=%2Fwp%2Fv2%2Fcomments&post=4356"}],"version-history":[{"count":2,"href":"https:\/\/ladepeche.mr\/index.php?rest_route=\/wp\/v2\/posts\/4356\/revisions"}],"predecessor-version":[{"id":4359,"href":"https:\/\/ladepeche.mr\/index.php?rest_route=\/wp\/v2\/posts\/4356\/revisions\/4359"}],"wp:featuredmedia":[{"embeddable":true,"href":"https:\/\/ladepeche.mr\/index.php?rest_route=\/wp\/v2\/media\/4357"}],"wp:attachment":[{"href":"https:\/\/ladepeche.mr\/index.php?rest_route=%2Fwp%2Fv2%2Fmedia&parent=4356"}],"wp:term":[{"taxonomy":"category","embeddable":true,"href":"https:\/\/ladepeche.mr\/index.php?rest_route=%2Fwp%2Fv2%2Fcategories&post=4356"},{"taxonomy":"post_tag","embeddable":true,"href":"https:\/\/ladepeche.mr\/index.php?rest_route=%2Fwp%2Fv2%2Ftags&post=4356"}],"curies":[{"name":"wp","href":"https:\/\/api.w.org\/{rel}","templated":true}]}}